{"id":21320,"date":"2018-01-19T23:23:49","date_gmt":"2018-01-20T04:23:49","guid":{"rendered":"http:\/\/elinformanteperu.com\/?p=21320"},"modified":"2018-01-19T23:23:49","modified_gmt":"2018-01-20T04:23:49","slug":"con-canticos-hogar-el-principito-recibe-al-papa-francisco","status":"publish","type":"post","link":"https:\/\/elinformanteperu.com\/index.php\/2018\/01\/19\/con-canticos-hogar-el-principito-recibe-al-papa-francisco\/","title":{"rendered":"Con c\u00e1nticos hogar El Principito recibe al Papa Francisco"},"content":{"rendered":"<p><strong><span style=\"color: #000000;\">El Papa Francisco lleg\u00f3 tambi\u00e9n al hogar El Principito, que alberga a ni\u00f1os y adolescentes en situaci\u00f3n de abandono de Puerto Maldonado, en Madre de Dios.<\/span><\/strong><\/p>\n<p><span style=\"color: #000000;\"><strong>Puerto Maldonado, 19 Enero 2018, (ANDINA).-<\/strong> El Papa Francisco lleg\u00f3 tambi\u00e9n al hogar El Principito, que alberga a ni\u00f1os y adolescentes en situaci\u00f3n de abandono de Puerto Maldonado, en Madre de Dios.<\/span><\/p>\n<p><span style=\"color: #000000;\">Mientras los ni\u00f1os y j\u00f3venes entonaban canciones, el padre Xavier Arbex de Morsier, fundador y director del hogar-albergue El Principito, fue el encargado de dar el discurso de bienvenida al Papa Francisco.<\/span><\/p>\n<p><span style=\"color: #000000;\">En su discurso, Xavier Arbex de Morsier destac\u00f3 la presencia de ni\u00f1os y adolescentes en la reuni\u00f3n con el Papa Francisco, incluyendo a los menores procedentes de otros albergues y de los que fueron parte del hogar El Principito hasta hace unos a\u00f1os.<\/span><\/p>\n<p><span style=\"color: #000000;\">\u00abQuerido santo padre, le damos la bienvenida. Su palabra nos da esperanza. Lo queremos Papa Francisco y nos queremos unos a otros porque todos queremos un futuro digno para estos ni\u00f1os, adolescentes y j\u00f3venes\u00bb, asever\u00f3 el director del albergue.<\/span><\/p>\n<p><span style=\"color: #000000;\">Xavier Arbex de Morsier afirm\u00f3 que en la selva los pobres llaman a nuestras puertas, nuestra madre selva grita dale pan, salud y educaci\u00f3n a nuestros hijos. \u00abNuestros ojos no siempre saben ver. Hay que ver con el coraz\u00f3n\u00bb, subray\u00f3.<\/span><\/p>\n<p><img fetchpriority=\"high\" decoding=\"async\" class=\"aligncenter size-full wp-image-21310\" src=\"http:\/\/elinformanteperu.com\/wp-content\/uploads\/2018\/01\/papa-madre-de-dios3.jpg\" alt=\"\" width=\"1800\" height=\"1200\" srcset=\"https:\/\/elinformanteperu.com\/wp-content\/uploads\/2018\/01\/papa-madre-de-dios3.jpg 1800w, https:\/\/elinformanteperu.com\/wp-content\/uploads\/2018\/01\/papa-madre-de-dios3-300x200.jpg 300w, https:\/\/elinformanteperu.com\/wp-content\/uploads\/2018\/01\/papa-madre-de-dios3-768x512.jpg 768w, https:\/\/elinformanteperu.com\/wp-content\/uploads\/2018\/01\/papa-madre-de-dios3-1024x683.jpg 1024w, https:\/\/elinformanteperu.com\/wp-content\/uploads\/2018\/01\/papa-madre-de-dios3-128x85.jpg 128w, https:\/\/elinformanteperu.com\/wp-content\/uploads\/2018\/01\/papa-madre-de-dios3-32x21.jpg 32w\" sizes=\"(max-width: 1800px) 100vw, 1800px\" \/><\/p>\n","protected":false},"excerpt":{"rendered":"<p>El Papa Francisco lleg\u00f3 tambi\u00e9n al hogar El Principito, que alberga a ni\u00f1os y adolescentes en situaci\u00f3n de abandono de Puerto Maldonado, en Madre de Dios. Puerto Maldonado, 19 Enero 2018, (ANDINA).- El Papa Francisco lleg\u00f3 tambi\u00e9n al hogar El Principito, que alberga a ni\u00f1os y adolescentes en situaci\u00f3n de abandono de Puerto Maldonado, en [&hellip;]<\/p>\n","protected":false},"author":1,"featured_media":21321,"comment_status":"open","ping_status":"open","sticky":false,"template":"","format":"standard","meta":{"rop_custom_images_group":[],"rop_custom_messages_group":[],"rop_publish_now":"initial","rop_publish_now_accounts":[],"rop_publish_now_history":[],"rop_publish_now_status":"pending","footnotes":""},"categories":[10],"tags":[1140,2201],"class_list":["post-21320","post","type-post","status-publish","format-standard","has-post-thumbnail","hentry","category-actualidad-municipal","tag-papa-francisco","tag-papa-francisco-en-peru"],"_links":{"self":[{"href":"https:\/\/elinformanteperu.com\/index.php\/wp-json\/wp\/v2\/posts\/21320","targetHints":{"allow":["GET"]}}],"collection":[{"href":"https:\/\/elinformanteperu.com\/index.php\/wp-json\/wp\/v2\/posts"}],"about":[{"href":"https:\/\/elinformanteperu.com\/index.php\/wp-json\/wp\/v2\/types\/post"}],"author":[{"embeddable":true,"href":"https:\/\/elinformanteperu.com\/index.php\/wp-json\/wp\/v2\/users\/1"}],"replies":[{"embeddable":true,"href":"https:\/\/elinformanteperu.com\/index.php\/wp-json\/wp\/v2\/comments?post=21320"}],"version-history":[{"count":1,"href":"https:\/\/elinformanteperu.com\/index.php\/wp-json\/wp\/v2\/posts\/21320\/revisions"}],"predecessor-version":[{"id":21322,"href":"https:\/\/elinformanteperu.com\/index.php\/wp-json\/wp\/v2\/posts\/21320\/revisions\/21322"}],"wp:featuredmedia":[{"embeddable":true,"href":"https:\/\/elinformanteperu.com\/index.php\/wp-json\/wp\/v2\/media\/21321"}],"wp:attachment":[{"href":"https:\/\/elinformanteperu.com\/index.php\/wp-json\/wp\/v2\/media?parent=21320"}],"wp:term":[{"taxonomy":"category","embeddable":true,"href":"https:\/\/elinformanteperu.com\/index.php\/wp-json\/wp\/v2\/categories?post=21320"},{"taxonomy":"post_tag","embeddable":true,"href":"https:\/\/elinformanteperu.com\/index.php\/wp-json\/wp\/v2\/tags?post=21320"}],"curies":[{"name":"wp","href":"https:\/\/api.w.org\/{rel}","templated":true}]}}