{"id":21316,"date":"2018-01-19T23:11:49","date_gmt":"2018-01-20T04:11:49","guid":{"rendered":"http:\/\/elinformanteperu.com\/?p=21316"},"modified":"2018-01-19T23:11:49","modified_gmt":"2018-01-20T04:11:49","slug":"gran-recibimiento-tuvo-el-papa-francisco-en-instituto-jorge-basadre","status":"publish","type":"post","link":"https:\/\/elinformanteperu.com\/index.php\/2018\/01\/19\/gran-recibimiento-tuvo-el-papa-francisco-en-instituto-jorge-basadre\/","title":{"rendered":"Gran recibimiento tuvo el Papa Francisco en Instituto Jorge Basadre"},"content":{"rendered":"<p><strong><span style=\"color: #000000;\">En medio de pa\u00f1uelos blancos, la poblaci\u00f3n dio la bienvenida al Papa Francisco en el Instituto Tecnol\u00f3gico Jorge Basadre en la ciudad de Puerto Madonado.<\/span><\/strong><\/p>\n<p><span style=\"color: #000000;\"><strong>Puerto Maldonado, 19 Enero 2018, (ANDINA).-<\/strong> En medio de pa\u00f1uelos blancos, la poblaci\u00f3n dio la bienvenida al Papa Francisco en el Instituto Tecnol\u00f3gico Jorge Basadre en la ciudad de Puerto Madonado, en la regi\u00f3n Madre de Dios. El Santo Padre recorri\u00f3 la explanada de este recinto impartiendo bendiciones.<\/span><\/p>\n<p><span style=\"color: #000000;\">Sonriente y acompa\u00f1ado por el obispo vicario apost\u00f3lico de Puerto Maldonado, monse\u00f1or David Mart\u00ednez, el Papa Francisco lleg\u00f3 hasta dicho instituto luego del encuentro que sostuvo con las comunidades ind\u00edgenas en el Coliseo Cerrado de Madre de Dios, para escuchar la problem\u00e1tica que les aqueja.<\/span><\/p>\n<p><span style=\"color: #000000;\">El Papa Francisco bendijo a la Virgen de las Nieves, tal como esperaban con expectativa los cusque\u00f1os. Le dej\u00f3 un ramo de flores blancas y bendijo tambi\u00e9n su corona de oro.<\/span><\/p>\n<p><span style=\"color: #000000;\">Monse\u00f1or Mart\u00ednez refiri\u00f3 que en este recinto est\u00e1 reunido no solo la Amazon\u00eda del Per\u00fa, sino el sur andino e invitados de Bolivia y Brasil.<\/span><\/p>\n<p><span style=\"color: #000000;\">A\u00f1adi\u00f3 que el pueblo de Puerto Maldonado y de Madre de Dios en general est\u00e1n presentes para recibir su bendici\u00f3n. \u201cEs un pueblo sufrido y creyente\u201d, anot\u00f3.<\/span><\/p>\n<p><span style=\"color: #000000;\">Tambi\u00e9n mencion\u00f3 que hay que terminar con la b\u00fasqueda de soluciones individualista que conlleven a la muerte y la destrucci\u00f3n.<\/span><\/p>\n<p><span style=\"color: #000000;\">\u201cAyudemos Papa Francisco a renovar la esperanza para juntos poder salir de la pobreza. Mu\u00e9strenos caminos de fraternidad y demos su bendici\u00f3n, que su paso por esta tierra sea profundo y deje huella para comprometernos con Dios, con nuestros hermanos y la Amazon\u00eda\u201d, puntualiz\u00f3 monse\u00f1or Mart\u00ednez.<\/span><\/p>\n<p><span style=\"color: #000000;\">Por su parte, una familia de Puerto Maldonado en nombre de la comunidad le dio la bienvenida, destacando el amor y respeto que debe primar en un hogar y que puede cambiar la sociedad y el mundo entero. \u201cQueremos educar a nuestros hijos en respeto y en el cuidado del mundo\u201d.<\/span><\/p>\n<p><span style=\"color: #000000;\">\u201cGracias por su presencia Santo Padre en medio de todo nosotros. Que Dios lo proteja siempre\u201d, finaliz\u00f3 la pareja.<\/span><\/p>\n<p><img fetchpriority=\"high\" decoding=\"async\" class=\"aligncenter size-full wp-image-21318\" src=\"http:\/\/elinformanteperu.com\/wp-content\/uploads\/2018\/01\/papa-madre-de-dios7.jpg\" alt=\"\" width=\"500\" height=\"333\" srcset=\"https:\/\/elinformanteperu.com\/wp-content\/uploads\/2018\/01\/papa-madre-de-dios7.jpg 500w, https:\/\/elinformanteperu.com\/wp-content\/uploads\/2018\/01\/papa-madre-de-dios7-300x200.jpg 300w, https:\/\/elinformanteperu.com\/wp-content\/uploads\/2018\/01\/papa-madre-de-dios7-128x85.jpg 128w, https:\/\/elinformanteperu.com\/wp-content\/uploads\/2018\/01\/papa-madre-de-dios7-32x21.jpg 32w\" sizes=\"(max-width: 500px) 100vw, 500px\" \/><\/p>\n","protected":false},"excerpt":{"rendered":"<p>En medio de pa\u00f1uelos blancos, la poblaci\u00f3n dio la bienvenida al Papa Francisco en el Instituto Tecnol\u00f3gico Jorge Basadre en la ciudad de Puerto Madonado. Puerto Maldonado, 19 Enero 2018, (ANDINA).- En medio de pa\u00f1uelos blancos, la poblaci\u00f3n dio la bienvenida al Papa Francisco en el Instituto Tecnol\u00f3gico Jorge Basadre en la ciudad de Puerto [&hellip;]<\/p>\n","protected":false},"author":1,"featured_media":21317,"comment_status":"open","ping_status":"open","sticky":false,"template":"","format":"standard","meta":{"rop_custom_images_group":[],"rop_custom_messages_group":[],"rop_publish_now":"initial","rop_publish_now_accounts":[],"rop_publish_now_history":[],"rop_publish_now_status":"pending","footnotes":""},"categories":[10],"tags":[1140,2201],"class_list":["post-21316","post","type-post","status-publish","format-standard","has-post-thumbnail","hentry","category-actualidad-municipal","tag-papa-francisco","tag-papa-francisco-en-peru"],"_links":{"self":[{"href":"https:\/\/elinformanteperu.com\/index.php\/wp-json\/wp\/v2\/posts\/21316","targetHints":{"allow":["GET"]}}],"collection":[{"href":"https:\/\/elinformanteperu.com\/index.php\/wp-json\/wp\/v2\/posts"}],"about":[{"href":"https:\/\/elinformanteperu.com\/index.php\/wp-json\/wp\/v2\/types\/post"}],"author":[{"embeddable":true,"href":"https:\/\/elinformanteperu.com\/index.php\/wp-json\/wp\/v2\/users\/1"}],"replies":[{"embeddable":true,"href":"https:\/\/elinformanteperu.com\/index.php\/wp-json\/wp\/v2\/comments?post=21316"}],"version-history":[{"count":1,"href":"https:\/\/elinformanteperu.com\/index.php\/wp-json\/wp\/v2\/posts\/21316\/revisions"}],"predecessor-version":[{"id":21319,"href":"https:\/\/elinformanteperu.com\/index.php\/wp-json\/wp\/v2\/posts\/21316\/revisions\/21319"}],"wp:featuredmedia":[{"embeddable":true,"href":"https:\/\/elinformanteperu.com\/index.php\/wp-json\/wp\/v2\/media\/21317"}],"wp:attachment":[{"href":"https:\/\/elinformanteperu.com\/index.php\/wp-json\/wp\/v2\/media?parent=21316"}],"wp:term":[{"taxonomy":"category","embeddable":true,"href":"https:\/\/elinformanteperu.com\/index.php\/wp-json\/wp\/v2\/categories?post=21316"},{"taxonomy":"post_tag","embeddable":true,"href":"https:\/\/elinformanteperu.com\/index.php\/wp-json\/wp\/v2\/tags?post=21316"}],"curies":[{"name":"wp","href":"https:\/\/api.w.org\/{rel}","templated":true}]}}