{"id":21312,"date":"2018-01-19T22:56:55","date_gmt":"2018-01-20T03:56:55","guid":{"rendered":"http:\/\/elinformanteperu.com\/?p=21312"},"modified":"2018-01-19T22:56:55","modified_gmt":"2018-01-20T03:56:55","slug":"pueblos-indigenas-gracias-papa-francisco-por-escucharnos","status":"publish","type":"post","link":"https:\/\/elinformanteperu.com\/index.php\/2018\/01\/19\/pueblos-indigenas-gracias-papa-francisco-por-escucharnos\/","title":{"rendered":"Pueblos ind\u00edgenas: \u201cGracias, Papa Francisco, por escucharnos\u201d"},"content":{"rendered":"<p><strong><span style=\"color: #000000;\">El pueblo ind\u00edgena agradeci\u00f3 al Papa Francisco haber llegado hasta Puerto Maldonado, en la regi\u00f3n Madre de Dios, para escuchar su problem\u00e1tica.<\/span><\/strong><\/p>\n<p><span style=\"color: #000000;\"><strong>Puerto Maldonado, 19 Enero 2018, (ANDINA).-<\/strong> El pueblo ind\u00edgena agradeci\u00f3 al Papa Francisco haber llegado hasta Puerto Maldonado, en la regi\u00f3n Madre de Dios, para escuchar su problem\u00e1tica, y abog\u00f3 para que todas las comunidades de la Amazon\u00eda cuiden y protejan la tierra para vivir en armon\u00eda.<\/span><\/p>\n<p><span style=\"color: #000000;\">\u201cGracias, Papa Francisco. por escucharnos\u201d, enfatiz\u00f3 el representante ind\u00edgena ante la atenta mirada del Santo Padre y de las comunidades nativas reunidas en el coliseo cerrado de Madre de Dios.<\/span><\/p>\n<p><span style=\"color: #000000;\">Tambi\u00e9n expres\u00f3 su temor por lo que les puede pasar por falta de apoyo.<\/span><\/p>\n<p><img fetchpriority=\"high\" decoding=\"async\" class=\"aligncenter size-full wp-image-21314\" src=\"http:\/\/elinformanteperu.com\/wp-content\/uploads\/2018\/01\/papa-madre-de-dios5.jpg\" alt=\"\" width=\"500\" height=\"333\" srcset=\"https:\/\/elinformanteperu.com\/wp-content\/uploads\/2018\/01\/papa-madre-de-dios5.jpg 500w, https:\/\/elinformanteperu.com\/wp-content\/uploads\/2018\/01\/papa-madre-de-dios5-300x200.jpg 300w, https:\/\/elinformanteperu.com\/wp-content\/uploads\/2018\/01\/papa-madre-de-dios5-128x85.jpg 128w, https:\/\/elinformanteperu.com\/wp-content\/uploads\/2018\/01\/papa-madre-de-dios5-32x21.jpg 32w\" sizes=\"(max-width: 500px) 100vw, 500px\" \/><\/p>\n<p><span style=\"color: #000000;\">\u201cLos pueblos ind\u00edgenas de la Amazon\u00eda queremos decirle a toda la humanidad que nosotros tambi\u00e9n estamos preocupados porque la tierra se est\u00e1 malogrando; los animales, reduciendo; los \u00e1rboles, desapareciendo; los peces van muriendo y el agua dulce se va agotando por la consecuencia del cambio clim\u00e1tico, con la consecuente aparici\u00f3n de enfermedades y epidemias que nos amenazan\u201d, puntualiz\u00f3.<\/span><\/p>\n<p><span style=\"color: #000000;\">\u00abEl cielo llora -dijo el representante ind\u00edgena-, porque estamos destruyendo nuestro planeta y si no tenemos alimentos moriremos de hambre\u00bb.<\/span><\/p>\n<p><span style=\"color: #000000;\">Por \u00faltimo, destac\u00f3 que el Papa Francisco les lleve el ejemplo y el mensaje de Dios. \u201cQueremos que nos acompa\u00f1e como Jes\u00fas\u201d, concluy\u00f3.<\/span><\/p>\n<p><iframe src=\"https:\/\/www.youtube-nocookie.com\/embed\/J804nEVJK2w?rel=0&amp;controls=0&amp;showinfo=0\" width=\"560\" height=\"315\" frameborder=\"0\" allowfullscreen=\"allowfullscreen\"><\/iframe><\/p>\n","protected":false},"excerpt":{"rendered":"<p>El pueblo ind\u00edgena agradeci\u00f3 al Papa Francisco haber llegado hasta Puerto Maldonado, en la regi\u00f3n Madre de Dios, para escuchar su problem\u00e1tica. Puerto Maldonado, 19 Enero 2018, (ANDINA).- El pueblo ind\u00edgena agradeci\u00f3 al Papa Francisco haber llegado hasta Puerto Maldonado, en la regi\u00f3n Madre de Dios, para escuchar su problem\u00e1tica, y abog\u00f3 para que todas [&hellip;]<\/p>\n","protected":false},"author":1,"featured_media":21313,"comment_status":"open","ping_status":"open","sticky":false,"template":"","format":"standard","meta":{"rop_custom_images_group":[],"rop_custom_messages_group":[],"rop_publish_now":"initial","rop_publish_now_accounts":[],"rop_publish_now_history":[],"rop_publish_now_status":"pending","footnotes":""},"categories":[10],"tags":[1140,2201],"class_list":["post-21312","post","type-post","status-publish","format-standard","has-post-thumbnail","hentry","category-actualidad-municipal","tag-papa-francisco","tag-papa-francisco-en-peru"],"_links":{"self":[{"href":"https:\/\/elinformanteperu.com\/index.php\/wp-json\/wp\/v2\/posts\/21312","targetHints":{"allow":["GET"]}}],"collection":[{"href":"https:\/\/elinformanteperu.com\/index.php\/wp-json\/wp\/v2\/posts"}],"about":[{"href":"https:\/\/elinformanteperu.com\/index.php\/wp-json\/wp\/v2\/types\/post"}],"author":[{"embeddable":true,"href":"https:\/\/elinformanteperu.com\/index.php\/wp-json\/wp\/v2\/users\/1"}],"replies":[{"embeddable":true,"href":"https:\/\/elinformanteperu.com\/index.php\/wp-json\/wp\/v2\/comments?post=21312"}],"version-history":[{"count":1,"href":"https:\/\/elinformanteperu.com\/index.php\/wp-json\/wp\/v2\/posts\/21312\/revisions"}],"predecessor-version":[{"id":21315,"href":"https:\/\/elinformanteperu.com\/index.php\/wp-json\/wp\/v2\/posts\/21312\/revisions\/21315"}],"wp:featuredmedia":[{"embeddable":true,"href":"https:\/\/elinformanteperu.com\/index.php\/wp-json\/wp\/v2\/media\/21313"}],"wp:attachment":[{"href":"https:\/\/elinformanteperu.com\/index.php\/wp-json\/wp\/v2\/media?parent=21312"}],"wp:term":[{"taxonomy":"category","embeddable":true,"href":"https:\/\/elinformanteperu.com\/index.php\/wp-json\/wp\/v2\/categories?post=21312"},{"taxonomy":"post_tag","embeddable":true,"href":"https:\/\/elinformanteperu.com\/index.php\/wp-json\/wp\/v2\/tags?post=21312"}],"curies":[{"name":"wp","href":"https:\/\/api.w.org\/{rel}","templated":true}]}}