{"id":21309,"date":"2018-01-19T22:48:03","date_gmt":"2018-01-20T03:48:03","guid":{"rendered":"http:\/\/elinformanteperu.com\/?p=21309"},"modified":"2018-01-19T22:48:03","modified_gmt":"2018-01-20T03:48:03","slug":"papa-francisco-indigenas-piden-que-los-defienda-de-los-foraneos","status":"publish","type":"post","link":"https:\/\/elinformanteperu.com\/index.php\/2018\/01\/19\/papa-francisco-indigenas-piden-que-los-defienda-de-los-foraneos\/","title":{"rendered":"Papa Francisco: ind\u00edgenas piden que los defienda de los for\u00e1neos"},"content":{"rendered":"<p><strong><span style=\"color: #000000;\">Una pareja de j\u00f3venes ind\u00edgenas habl\u00f3 en representaci\u00f3n de los pueblos originarios al inicio del encuentro que sostienen con el Papa Francisco en Madre de Dios.<\/span><\/strong><\/p>\n<p><span style=\"color: #000000;\"><strong>Puerto Maldonado, 19 Enero 2018, (ANDINA).-<\/strong> Una pareja de j\u00f3venes ind\u00edgenas habl\u00f3 en representaci\u00f3n de los pueblos originarios al inicio del encuentro que sostienen con el Papa Francisco en el coliseo cerrado de Madre de Dios en la ciudad de Puerto Maldonado.<\/span><\/p>\n<p><span style=\"color: #000000;\">En su discurso la representante ind\u00edgena hicieron un llamado al Papa Francisco y expres\u00f3 que los pueblos originarios de la Amazon\u00eda peruana son sobrevivientes a muchas crueldades y que han sufrido por las explotaciones de sus recursos naturales.<\/span><\/p>\n<p><span style=\"color: #000000;\">\u00abMuchos for\u00e1neos invaden nuestros territorios, los taladores de madera, mineros ilegales, las empresas petroleras. Ellos ingresan a nuestros territorios sin consultarnos, explotan y extraen envenenando nuestros recursos\u00bb, asever\u00f3.<\/span><\/p>\n<p><span style=\"color: #000000;\">La representante ind\u00edgena solicit\u00f3 al Papa Francisco que defienda a los pueblos originarios. \u00abHoy pedimos que nos defienda. Los for\u00e1neos nos ven d\u00e9biles e insisten en quitarnos nuestros territorios, si logran quitarnos podemos desaparecer. queremos que nuestros hijos tengan acceso, pero tambi\u00e9n queremos que se respete nuestra cultura\u00bb, asever\u00f3.<\/span><\/p>\n<p><iframe src=\"https:\/\/www.youtube-nocookie.com\/embed\/CMkmls06TBI?rel=0&amp;controls=0&amp;showinfo=0\" width=\"560\" height=\"315\" frameborder=\"0\" allowfullscreen=\"allowfullscreen\"><\/iframe><\/p>\n","protected":false},"excerpt":{"rendered":"<p>Una pareja de j\u00f3venes ind\u00edgenas habl\u00f3 en representaci\u00f3n de los pueblos originarios al inicio del encuentro que sostienen con el Papa Francisco en Madre de Dios. Puerto Maldonado, 19 Enero 2018, (ANDINA).- Una pareja de j\u00f3venes ind\u00edgenas habl\u00f3 en representaci\u00f3n de los pueblos originarios al inicio del encuentro que sostienen con el Papa Francisco en [&hellip;]<\/p>\n","protected":false},"author":1,"featured_media":21310,"comment_status":"open","ping_status":"open","sticky":false,"template":"","format":"standard","meta":{"rop_custom_images_group":[],"rop_custom_messages_group":[],"rop_publish_now":"initial","rop_publish_now_accounts":[],"rop_publish_now_history":[],"rop_publish_now_status":"pending","footnotes":""},"categories":[10],"tags":[1140,2201],"class_list":["post-21309","post","type-post","status-publish","format-standard","has-post-thumbnail","hentry","category-actualidad-municipal","tag-papa-francisco","tag-papa-francisco-en-peru"],"_links":{"self":[{"href":"https:\/\/elinformanteperu.com\/index.php\/wp-json\/wp\/v2\/posts\/21309","targetHints":{"allow":["GET"]}}],"collection":[{"href":"https:\/\/elinformanteperu.com\/index.php\/wp-json\/wp\/v2\/posts"}],"about":[{"href":"https:\/\/elinformanteperu.com\/index.php\/wp-json\/wp\/v2\/types\/post"}],"author":[{"embeddable":true,"href":"https:\/\/elinformanteperu.com\/index.php\/wp-json\/wp\/v2\/users\/1"}],"replies":[{"embeddable":true,"href":"https:\/\/elinformanteperu.com\/index.php\/wp-json\/wp\/v2\/comments?post=21309"}],"version-history":[{"count":1,"href":"https:\/\/elinformanteperu.com\/index.php\/wp-json\/wp\/v2\/posts\/21309\/revisions"}],"predecessor-version":[{"id":21311,"href":"https:\/\/elinformanteperu.com\/index.php\/wp-json\/wp\/v2\/posts\/21309\/revisions\/21311"}],"wp:featuredmedia":[{"embeddable":true,"href":"https:\/\/elinformanteperu.com\/index.php\/wp-json\/wp\/v2\/media\/21310"}],"wp:attachment":[{"href":"https:\/\/elinformanteperu.com\/index.php\/wp-json\/wp\/v2\/media?parent=21309"}],"wp:term":[{"taxonomy":"category","embeddable":true,"href":"https:\/\/elinformanteperu.com\/index.php\/wp-json\/wp\/v2\/categories?post=21309"},{"taxonomy":"post_tag","embeddable":true,"href":"https:\/\/elinformanteperu.com\/index.php\/wp-json\/wp\/v2\/tags?post=21309"}],"curies":[{"name":"wp","href":"https:\/\/api.w.org\/{rel}","templated":true}]}}