{"id":21304,"date":"2018-01-19T22:43:57","date_gmt":"2018-01-20T03:43:57","guid":{"rendered":"http:\/\/elinformanteperu.com\/?p=21304"},"modified":"2018-01-19T22:43:57","modified_gmt":"2018-01-20T03:43:57","slug":"papa-francisco-madre-de-dios-le-dio-la-bienvenida-con-emocion-y-algarabia","status":"publish","type":"post","link":"https:\/\/elinformanteperu.com\/index.php\/2018\/01\/19\/papa-francisco-madre-de-dios-le-dio-la-bienvenida-con-emocion-y-algarabia\/","title":{"rendered":"Papa Francisco: Madre de Dios le dio la bienvenida con emoci\u00f3n y algarab\u00eda"},"content":{"rendered":"<p><strong><span style=\"color: #000000;\">El gobernador regional de Madre de Dios, Luis Otsuka Salazar, dio la bienvenida al Papa Francisco a su arribo a Puerto Maldonado.<\/span><\/strong><\/p>\n<p><span style=\"color: #000000;\"><strong>Puerto Maldonado, 19 Enero 2018, (ANDINA).-<\/strong> El gobernador regional de Madre de Dios, Luis Otsuka Salazar, dio la bienvenida al Papa Francisco a su arribo a Puerto Maldonado, que vive un ambiente de alegr\u00eda, fe y religiosidad.<\/span><\/p>\n<p><span style=\"color: #000000;\">El recibimiento se produjo luego que el obispo vicario apost\u00f3lico de Puerto Maldonado, David Mart\u00ednez de Aguirre. y cuatro ni\u00f1os saludaran al jefe de la iglesia Cat\u00f3lica y le entregaran un ramo de flores nativas.<\/span><\/p>\n<p><span style=\"color: #000000;\">Junto al gobernador Luis Otsuka, dio la bienvenida al Papa Francisco el alcalde provincial de Tambopata, Alain Gallegos.<\/span><\/p>\n<p><img fetchpriority=\"high\" decoding=\"async\" class=\"aligncenter size-full wp-image-21306\" src=\"http:\/\/elinformanteperu.com\/wp-content\/uploads\/2018\/01\/papa-madre-de-dios1.jpg\" alt=\"\" width=\"500\" height=\"333\" srcset=\"https:\/\/elinformanteperu.com\/wp-content\/uploads\/2018\/01\/papa-madre-de-dios1.jpg 500w, https:\/\/elinformanteperu.com\/wp-content\/uploads\/2018\/01\/papa-madre-de-dios1-300x200.jpg 300w, https:\/\/elinformanteperu.com\/wp-content\/uploads\/2018\/01\/papa-madre-de-dios1-128x85.jpg 128w, https:\/\/elinformanteperu.com\/wp-content\/uploads\/2018\/01\/papa-madre-de-dios1-32x21.jpg 32w\" sizes=\"(max-width: 500px) 100vw, 500px\" \/><\/p>\n<p><span style=\"color: #000000;\">En la explanada del aeropuerto decenas de ni\u00f1os con cantos y bailes dan la bienvenida al Papa Francisco. Hasta el lugar donde estaban apostados se acerc\u00f3 el Papa Francisco para saludarles y expresarles su agradecimiento y saludo. Luego los abraz\u00f3 con mucha efusividad.<\/span><\/p>\n<p><span style=\"color: #000000;\">Antes de la ceremonia, el Gobierno Regional de Madre de Dios dio a conocer un llamado a la poblaci\u00f3n de Puerto Maldonado para que mantengan el orden, limpieza y civismo, mostrando as\u00ed ante los ojos del Per\u00fa y el mundo, la belleza de Madre de Dios, que est\u00e1 \u201cConstruyendo su Desarrollo\u201d.<\/span><\/p>\n<p><span style=\"color: #000000;\">\u201cMadre de Dios recibir\u00e1 al Papa Francisco en un ambiente de gran alegr\u00eda, esperanza y fe, propia de los pueblos amaz\u00f3nicos\u201d, enfatiz\u00f3 Otsuka Salazar.<\/span><\/p>\n<p><img decoding=\"async\" class=\"aligncenter size-full wp-image-21307\" src=\"http:\/\/elinformanteperu.com\/wp-content\/uploads\/2018\/01\/papa-madre-de-dios2.jpg\" alt=\"\" width=\"500\" height=\"333\" srcset=\"https:\/\/elinformanteperu.com\/wp-content\/uploads\/2018\/01\/papa-madre-de-dios2.jpg 500w, https:\/\/elinformanteperu.com\/wp-content\/uploads\/2018\/01\/papa-madre-de-dios2-300x200.jpg 300w, https:\/\/elinformanteperu.com\/wp-content\/uploads\/2018\/01\/papa-madre-de-dios2-128x85.jpg 128w, https:\/\/elinformanteperu.com\/wp-content\/uploads\/2018\/01\/papa-madre-de-dios2-32x21.jpg 32w\" sizes=\"(max-width: 500px) 100vw, 500px\" \/><\/p>\n<p><iframe src=\"https:\/\/www.youtube-nocookie.com\/embed\/K9DABJuwEvo?rel=0&amp;controls=0&amp;showinfo=0\" width=\"560\" height=\"315\" frameborder=\"0\" allowfullscreen=\"allowfullscreen\"><\/iframe><\/p>\n","protected":false},"excerpt":{"rendered":"<p>El gobernador regional de Madre de Dios, Luis Otsuka Salazar, dio la bienvenida al Papa Francisco a su arribo a Puerto Maldonado. Puerto Maldonado, 19 Enero 2018, (ANDINA).- El gobernador regional de Madre de Dios, Luis Otsuka Salazar, dio la bienvenida al Papa Francisco a su arribo a Puerto Maldonado, que vive un ambiente de [&hellip;]<\/p>\n","protected":false},"author":1,"featured_media":21305,"comment_status":"open","ping_status":"open","sticky":false,"template":"","format":"standard","meta":{"rop_custom_images_group":[],"rop_custom_messages_group":[],"rop_publish_now":"initial","rop_publish_now_accounts":[],"rop_publish_now_history":[],"rop_publish_now_status":"pending","footnotes":""},"categories":[10],"tags":[1140,2201],"class_list":["post-21304","post","type-post","status-publish","format-standard","has-post-thumbnail","hentry","category-actualidad-municipal","tag-papa-francisco","tag-papa-francisco-en-peru"],"_links":{"self":[{"href":"https:\/\/elinformanteperu.com\/index.php\/wp-json\/wp\/v2\/posts\/21304","targetHints":{"allow":["GET"]}}],"collection":[{"href":"https:\/\/elinformanteperu.com\/index.php\/wp-json\/wp\/v2\/posts"}],"about":[{"href":"https:\/\/elinformanteperu.com\/index.php\/wp-json\/wp\/v2\/types\/post"}],"author":[{"embeddable":true,"href":"https:\/\/elinformanteperu.com\/index.php\/wp-json\/wp\/v2\/users\/1"}],"replies":[{"embeddable":true,"href":"https:\/\/elinformanteperu.com\/index.php\/wp-json\/wp\/v2\/comments?post=21304"}],"version-history":[{"count":1,"href":"https:\/\/elinformanteperu.com\/index.php\/wp-json\/wp\/v2\/posts\/21304\/revisions"}],"predecessor-version":[{"id":21308,"href":"https:\/\/elinformanteperu.com\/index.php\/wp-json\/wp\/v2\/posts\/21304\/revisions\/21308"}],"wp:featuredmedia":[{"embeddable":true,"href":"https:\/\/elinformanteperu.com\/index.php\/wp-json\/wp\/v2\/media\/21305"}],"wp:attachment":[{"href":"https:\/\/elinformanteperu.com\/index.php\/wp-json\/wp\/v2\/media?parent=21304"}],"wp:term":[{"taxonomy":"category","embeddable":true,"href":"https:\/\/elinformanteperu.com\/index.php\/wp-json\/wp\/v2\/categories?post=21304"},{"taxonomy":"post_tag","embeddable":true,"href":"https:\/\/elinformanteperu.com\/index.php\/wp-json\/wp\/v2\/tags?post=21304"}],"curies":[{"name":"wp","href":"https:\/\/api.w.org\/{rel}","templated":true}]}}