{"id":21294,"date":"2018-01-19T21:37:24","date_gmt":"2018-01-20T02:37:24","guid":{"rendered":"http:\/\/elinformanteperu.com\/?p=21294"},"modified":"2018-01-19T21:37:24","modified_gmt":"2018-01-20T02:37:24","slug":"universitario-recaudo-cerca-de-1-millon-de-dolares-por-la-noche-crema","status":"publish","type":"post","link":"https:\/\/elinformanteperu.com\/index.php\/2018\/01\/19\/universitario-recaudo-cerca-de-1-millon-de-dolares-por-la-noche-crema\/","title":{"rendered":"Universitario recaud\u00f3 cerca de 1 mill\u00f3n de d\u00f3lares por la Noche Crema"},"content":{"rendered":"<p><span style=\"color: #000000;\"><strong>La noche Crema, que se realiz\u00f3 el pasado mi\u00e9rcoles en el estadio Monumental, dej\u00f3 una ganancia cercana al mill\u00f3n de d\u00f3lares para Universitario de Deportes.<\/strong><\/span><\/p>\n<p><span style=\"color: #000000;\"><strong>Lima, 19 Enero 2018, (ANDINA).-<\/strong> La noche Crema, que se realiz\u00f3 el pasado mi\u00e9rcoles en el estadio Monumental, dej\u00f3 una ganancia cercana al mill\u00f3n de d\u00f3lares para Universitario de Deportes, as\u00ed lo dio a conocer el gerente de comunicaciones del club merengue, Juan Carlos Ortecho.<\/span><\/p>\n<p><span style=\"color: #000000;\">\u00abEstamos muy satisfechos con el p\u00fablico y la hinchada que asisti\u00f3 a la &#8216;Noche Crema&#8217;. Se dec\u00eda que el no haber ning\u00fan nuevo jugador para presentar iba a ir en contra de la asistencia, pero se demostr\u00f3 que este evento es la noche del hinchada y no necesariamente la presentaci\u00f3n de un futbolista. Dejaron cerca de un mill\u00f3n de soles en taquilla, hubo un promedio de 40 mil personas\u00bb, declar\u00f3 Ortecho a Ovaci\u00f3n.<\/span><\/p>\n<p><span style=\"color: #000000;\">De otro lado, Ortecho neg\u00f3 que les haya pedido a los jugadores j\u00f3venes dar entrevista a los periodistas, s\u00f3lo atin\u00f3 a decir que les sugiri\u00f3 que se manejen con cautela porque en algunos casos son menores de edad.<\/span><\/p>\n<p><span style=\"color: #000000;\">\u00abConozco c\u00f3mo es y c\u00f3mo puede llevar a una situaci\u00f3n para que los chicos se distraigan, algunos son menores de edad. Les hemos sugerido que se manejen con mucha cautela pero eso no significa que nunca puedan dar una entrevista. Lo que no queremos es que se haga un circo con esto y que entrevisten hasta su abuelita. Es una sugerencia del club en conjunto, tanto de la administraci\u00f3n como del comando t\u00e9cnico\u00bb, a\u00f1adi\u00f3 el gerente de comunicaciones crema.<\/span><\/p>\n<p><span style=\"color: #000000;\">Asimismo, confirm\u00f3 la no presencia de Alberto Quintero en el duelo de ida ante Oriente Petrolero por Copa Libertadores y se\u00f1al\u00f3 que Arqu\u00edmedes Figuera se encuentra en buena forma para afrontar ese compromiso.<\/span><\/p>\n<p><span style=\"color: #000000;\">\u00abQuintero no va a Santa Cruz y Figuera s\u00ed. Ya lleg\u00f3 Arqu\u00edmedes, est\u00e1 muy contento y todos sus papeles est\u00e1n en regla. Hoy estuvo en la pr\u00e1ctica y est\u00e1 en \u00f3ptimas condiciones. He conversado con el comando t\u00e9cnico sobre esto, \u00e9l ha hecho la pretemporada en la altura de M\u00e9rida con La Guaira y por eso viene muy bien\u00bb, finaliz\u00f3 Ortecho.<\/span><\/p>\n<p><span style=\"color: #000000;\">Universitario de Deportes iniciar\u00e1, el lunes 22 de enero, su camino a la fase de grupos de la Copa Libertadores 2018 ante Oriente Petrolero de Bolivia. El partido de ida se jugar\u00e1 en la ciudad de Santa Cruz de la Sierra.<\/span><\/p>\n<p><span style=\"color: #000000;\">La jornada se cerrar\u00e1 el viernes 26 de enero en el Estadio Monumental y en caso la \u00abU\u00bb salga victorioso, acceder\u00edan a la segunda fase de la Libertadores. En este nivel se medir\u00edan ante otro club del pa\u00eds altipl\u00e1nico, el Jorge Wilstermann y definir\u00edan la llave en Cochabamba.<\/span><\/p>\n<p><img fetchpriority=\"high\" decoding=\"async\" class=\"aligncenter size-full wp-image-17355\" src=\"http:\/\/elinformanteperu.com\/wp-content\/uploads\/2017\/10\/universitario-celebracion-vargas.jpg\" alt=\"\" width=\"1800\" height=\"1213\" srcset=\"https:\/\/elinformanteperu.com\/wp-content\/uploads\/2017\/10\/universitario-celebracion-vargas.jpg 1800w, https:\/\/elinformanteperu.com\/wp-content\/uploads\/2017\/10\/universitario-celebracion-vargas-300x202.jpg 300w, https:\/\/elinformanteperu.com\/wp-content\/uploads\/2017\/10\/universitario-celebracion-vargas-768x518.jpg 768w, https:\/\/elinformanteperu.com\/wp-content\/uploads\/2017\/10\/universitario-celebracion-vargas-1024x690.jpg 1024w, https:\/\/elinformanteperu.com\/wp-content\/uploads\/2017\/10\/universitario-celebracion-vargas-128x86.jpg 128w, https:\/\/elinformanteperu.com\/wp-content\/uploads\/2017\/10\/universitario-celebracion-vargas-32x22.jpg 32w\" sizes=\"(max-width: 1800px) 100vw, 1800px\" \/><\/p>\n","protected":false},"excerpt":{"rendered":"<p>La noche Crema, que se realiz\u00f3 el pasado mi\u00e9rcoles en el estadio Monumental, dej\u00f3 una ganancia cercana al mill\u00f3n de d\u00f3lares para Universitario de Deportes. Lima, 19 Enero 2018, (ANDINA).- La noche Crema, que se realiz\u00f3 el pasado mi\u00e9rcoles en el estadio Monumental, dej\u00f3 una ganancia cercana al mill\u00f3n de d\u00f3lares para Universitario de Deportes, [&hellip;]<\/p>\n","protected":false},"author":1,"featured_media":21295,"comment_status":"open","ping_status":"open","sticky":false,"template":"","format":"standard","meta":{"rop_custom_images_group":[],"rop_custom_messages_group":[],"rop_publish_now":"initial","rop_publish_now_accounts":[],"rop_publish_now_history":[],"rop_publish_now_status":"pending","footnotes":""},"categories":[8],"tags":[144],"class_list":["post-21294","post","type-post","status-publish","format-standard","has-post-thumbnail","hentry","category-disciplinas-deportivas","tag-universitario-de-deportes"],"_links":{"self":[{"href":"https:\/\/elinformanteperu.com\/index.php\/wp-json\/wp\/v2\/posts\/21294","targetHints":{"allow":["GET"]}}],"collection":[{"href":"https:\/\/elinformanteperu.com\/index.php\/wp-json\/wp\/v2\/posts"}],"about":[{"href":"https:\/\/elinformanteperu.com\/index.php\/wp-json\/wp\/v2\/types\/post"}],"author":[{"embeddable":true,"href":"https:\/\/elinformanteperu.com\/index.php\/wp-json\/wp\/v2\/users\/1"}],"replies":[{"embeddable":true,"href":"https:\/\/elinformanteperu.com\/index.php\/wp-json\/wp\/v2\/comments?post=21294"}],"version-history":[{"count":1,"href":"https:\/\/elinformanteperu.com\/index.php\/wp-json\/wp\/v2\/posts\/21294\/revisions"}],"predecessor-version":[{"id":21296,"href":"https:\/\/elinformanteperu.com\/index.php\/wp-json\/wp\/v2\/posts\/21294\/revisions\/21296"}],"wp:featuredmedia":[{"embeddable":true,"href":"https:\/\/elinformanteperu.com\/index.php\/wp-json\/wp\/v2\/media\/21295"}],"wp:attachment":[{"href":"https:\/\/elinformanteperu.com\/index.php\/wp-json\/wp\/v2\/media?parent=21294"}],"wp:term":[{"taxonomy":"category","embeddable":true,"href":"https:\/\/elinformanteperu.com\/index.php\/wp-json\/wp\/v2\/categories?post=21294"},{"taxonomy":"post_tag","embeddable":true,"href":"https:\/\/elinformanteperu.com\/index.php\/wp-json\/wp\/v2\/tags?post=21294"}],"curies":[{"name":"wp","href":"https:\/\/api.w.org\/{rel}","templated":true}]}}