{"id":21283,"date":"2018-01-19T20:20:50","date_gmt":"2018-01-20T01:20:50","guid":{"rendered":"http:\/\/elinformanteperu.com\/?p=21283"},"modified":"2018-01-19T20:20:50","modified_gmt":"2018-01-20T01:20:50","slug":"figuras-del-criollismo-acuden-al-velatorio-de-don-augusto-polo-campos","status":"publish","type":"post","link":"https:\/\/elinformanteperu.com\/index.php\/2018\/01\/19\/figuras-del-criollismo-acuden-al-velatorio-de-don-augusto-polo-campos\/","title":{"rendered":"Figuras del criollismo acuden al velatorio de don Augusto Polo Campos"},"content":{"rendered":"<p><span style=\"color: #000000;\"><strong>Iraida Valdivia, Teresa Palomino, Edith Barr y Zoila Monteodoro, reconocidos y queridos artistas criollos, acudieron al velorio del compositor Augusto Polo Campos.<\/strong><\/span><\/p>\n<p><span style=\"color: #000000;\"><strong>Lima, 19 Enero 2018, (ANDINA).-<\/strong> Iraida Valdivia, Teresa Palomino, Edith Barr, Los Hermanos Barahona y Zoila Monteodoro, reconocidos y queridos artistas criollos, acudieron al velorio del compositor Augusto Polo Campos y expresaron su dolor ante su partida.<\/span><\/p>\n<p><span style=\"color: #000000;\">Ellos mostraron su pesar por la partida f\u00edsica del gran compositor, pero satisfechos por el gran cari\u00f1o y reconocimiento del pueblo peruano que acude al velorio que abre sus puertas hoy hasta las diez de la noche, en el Gran Teatro Nacional.<\/span><\/p>\n<p><span style=\"color: #000000;\">Iraida Valdivia, a quien el propio Polo Campos le compuso un tema \u00abLa Guardia Nueva\u00bb, lleg\u00f3 hoy desde los Estados Unidos, pa\u00eds donde radica, para expresarle sus condolencias a la familia de quien fue su maestro en el mundo del arte.<\/span><\/p>\n<p><span style=\"color: #000000;\">Visiblemente emocionada, la artista no dud\u00f3 en interpretar el tema emblema y record\u00f3 los momentos que en sus inicios vivi\u00f3 al lado de Polo Campos.<\/span><\/p>\n<p><span style=\"color: #000000;\">\u00abTuve la suerte de ser su hija musical\u00bb, remarc\u00f3 la int\u00e9rprete,<\/span><\/p>\n<p><span style=\"color: #000000;\">Por su parte, Zoila Montedoro se\u00f1al\u00f3 que le gratifica ver que el pueblo le rinde respeto y da su \u00faltimo adi\u00f3s a \u00abla persona que ha hecho himnos para el Per\u00fa, que ha luchado por la m\u00fasica&#8230; estoy muy agradecida y emocionada al ver todo esto. La gente le da el cari\u00f1o que merece Polo\u00bb.<\/span><\/p>\n<p><span style=\"color: #000000;\">La directora del elenco de Danzas de la Municipalidad de Lima, Teresa Palomino, no pudo contener la tristeza y record\u00f3 que junto a Polo Campos vivieron profesionalmente muchos retos, \u00abestoy impactada y con una profunda tristeza no solo porque se fue el compositor, sino el compa\u00f1ero de trabajo. Iniciamos hace 29 a\u00f1os juntos labores en la Municipalidad de Lima. Augusto que Dios te tenga en su santa gloria tantos talentos como t\u00fa\u00bb.<\/span><\/p>\n<p><span style=\"color: #000000;\">El sepelio de Polo Campos ser\u00e1 ma\u00f1ana en el camposanto Campo Fe de Huachipa. A las 8:30 a.m. el f\u00e9retro ser\u00e1 trasladado al Municipio del R\u00edmac, donde recibir\u00e1 un homenaje a su trayectoria.<\/span><\/p>\n<p><img fetchpriority=\"high\" decoding=\"async\" class=\"aligncenter size-full wp-image-21128\" src=\"http:\/\/elinformanteperu.com\/wp-content\/uploads\/2018\/01\/polo-campos-1.jpg\" alt=\"\" width=\"680\" height=\"510\" srcset=\"https:\/\/elinformanteperu.com\/wp-content\/uploads\/2018\/01\/polo-campos-1.jpg 680w, https:\/\/elinformanteperu.com\/wp-content\/uploads\/2018\/01\/polo-campos-1-300x225.jpg 300w, https:\/\/elinformanteperu.com\/wp-content\/uploads\/2018\/01\/polo-campos-1-128x96.jpg 128w, https:\/\/elinformanteperu.com\/wp-content\/uploads\/2018\/01\/polo-campos-1-32x24.jpg 32w\" sizes=\"(max-width: 680px) 100vw, 680px\" \/><\/p>\n","protected":false},"excerpt":{"rendered":"<p>Iraida Valdivia, Teresa Palomino, Edith Barr y Zoila Monteodoro, reconocidos y queridos artistas criollos, acudieron al velorio del compositor Augusto Polo Campos. Lima, 19 Enero 2018, (ANDINA).- Iraida Valdivia, Teresa Palomino, Edith Barr, Los Hermanos Barahona y Zoila Monteodoro, reconocidos y queridos artistas criollos, acudieron al velorio del compositor Augusto Polo Campos y expresaron su [&hellip;]<\/p>\n","protected":false},"author":1,"featured_media":21279,"comment_status":"open","ping_status":"open","sticky":false,"template":"","format":"standard","meta":{"rop_custom_images_group":[],"rop_custom_messages_group":[],"rop_publish_now":"initial","rop_publish_now_accounts":[],"rop_publish_now_history":[],"rop_publish_now_status":"pending","footnotes":""},"categories":[70],"tags":[1317],"class_list":["post-21283","post","type-post","status-publish","format-standard","has-post-thumbnail","hentry","category-farandula","tag-augusto-polo-campos"],"_links":{"self":[{"href":"https:\/\/elinformanteperu.com\/index.php\/wp-json\/wp\/v2\/posts\/21283","targetHints":{"allow":["GET"]}}],"collection":[{"href":"https:\/\/elinformanteperu.com\/index.php\/wp-json\/wp\/v2\/posts"}],"about":[{"href":"https:\/\/elinformanteperu.com\/index.php\/wp-json\/wp\/v2\/types\/post"}],"author":[{"embeddable":true,"href":"https:\/\/elinformanteperu.com\/index.php\/wp-json\/wp\/v2\/users\/1"}],"replies":[{"embeddable":true,"href":"https:\/\/elinformanteperu.com\/index.php\/wp-json\/wp\/v2\/comments?post=21283"}],"version-history":[{"count":1,"href":"https:\/\/elinformanteperu.com\/index.php\/wp-json\/wp\/v2\/posts\/21283\/revisions"}],"predecessor-version":[{"id":21284,"href":"https:\/\/elinformanteperu.com\/index.php\/wp-json\/wp\/v2\/posts\/21283\/revisions\/21284"}],"wp:featuredmedia":[{"embeddable":true,"href":"https:\/\/elinformanteperu.com\/index.php\/wp-json\/wp\/v2\/media\/21279"}],"wp:attachment":[{"href":"https:\/\/elinformanteperu.com\/index.php\/wp-json\/wp\/v2\/media?parent=21283"}],"wp:term":[{"taxonomy":"category","embeddable":true,"href":"https:\/\/elinformanteperu.com\/index.php\/wp-json\/wp\/v2\/categories?post=21283"},{"taxonomy":"post_tag","embeddable":true,"href":"https:\/\/elinformanteperu.com\/index.php\/wp-json\/wp\/v2\/tags?post=21283"}],"curies":[{"name":"wp","href":"https:\/\/api.w.org\/{rel}","templated":true}]}}