{"id":21268,"date":"2018-01-18T22:56:48","date_gmt":"2018-01-19T03:56:48","guid":{"rendered":"http:\/\/elinformanteperu.com\/?p=21268"},"modified":"2018-01-18T22:56:48","modified_gmt":"2018-01-19T03:56:48","slug":"kuczynski-recibimos-con-alegria-y-devocion-al-papa-francisco-amigo-del-peru","status":"publish","type":"post","link":"https:\/\/elinformanteperu.com\/index.php\/2018\/01\/18\/kuczynski-recibimos-con-alegria-y-devocion-al-papa-francisco-amigo-del-peru\/","title":{"rendered":"Kuczynski: recibimos con alegr\u00eda y devoci\u00f3n al Papa Francisco, amigo del Per\u00fa"},"content":{"rendered":"<p><strong><span style=\"color: #000000;\">El presidente de la Rep\u00fablica, Pedro Pablo Kuczynski, expres\u00f3 que el Per\u00fa recibe con alegr\u00eda y devoci\u00f3n al Papa Francisco, quien lleg\u00f3 a suelo peruano en visita apost\u00f3lica.<\/span><\/strong><\/p>\n<p><span style=\"color: #000000;\"><strong>Lima, 18 Enero 2018, (ANDINA).-<\/strong> El presidente de la Rep\u00fablica, Pedro Pablo Kuczynski, expres\u00f3 que el Per\u00fa recibe con alegr\u00eda y devoci\u00f3n al Papa Francisco, quien lleg\u00f3 a suelo peruano en visita apost\u00f3lica, y lo consider\u00f3 como un amigo del Per\u00fa y un mensajero de la paz y la esperanza.<\/span><\/p>\n<p><span style=\"color: #000000;\">Mediante un mensaje en su cuenta de la red social Twitter, el mandatario aprovech\u00f3 para agradecer al m\u00e1ximo representante de la Iglesia Cat\u00f3lica por visitar el Per\u00fa, un pa\u00eds de grandes culturas y mil valles.<\/span><\/p>\n<p><span style=\"color: #000000;\">El Papa Francisco lleg\u00f3 al pa\u00eds, en un avi\u00f3n comercial de Latam, que arrib\u00f3 al Grupo A\u00e9reo 08, donde fue recibido en alfombra roja por el presidente Kuczynski y su esposa, Nancy Lange.<\/span><\/p>\n<p><span style=\"color: #000000;\">Tras los honores del caso, en el marco de una ceremonia protocolar de bienvenida, Francisco se dirige a la sede de la Nunciatura Apost\u00f3lica, donde pernoctar\u00e1.<\/span><\/p>\n<p><span style=\"color: #000000;\">A partir de ma\u00f1ana, el Papa cumplir\u00e1 una nutrida agenda de actividades en Lima, Puerto Maldonado y Trujillo, hasta su partida prevista para el domingo 21 de enero en horas de la tarde.<\/span><\/p>\n<p><img fetchpriority=\"high\" decoding=\"async\" class=\"aligncenter size-full wp-image-21258\" src=\"http:\/\/elinformanteperu.com\/wp-content\/uploads\/2018\/01\/papa-lima2.jpg\" alt=\"\" width=\"1800\" height=\"1200\" srcset=\"https:\/\/elinformanteperu.com\/wp-content\/uploads\/2018\/01\/papa-lima2.jpg 1800w, https:\/\/elinformanteperu.com\/wp-content\/uploads\/2018\/01\/papa-lima2-300x200.jpg 300w, https:\/\/elinformanteperu.com\/wp-content\/uploads\/2018\/01\/papa-lima2-768x512.jpg 768w, https:\/\/elinformanteperu.com\/wp-content\/uploads\/2018\/01\/papa-lima2-1024x683.jpg 1024w, https:\/\/elinformanteperu.com\/wp-content\/uploads\/2018\/01\/papa-lima2-128x85.jpg 128w, https:\/\/elinformanteperu.com\/wp-content\/uploads\/2018\/01\/papa-lima2-32x21.jpg 32w\" sizes=\"(max-width: 1800px) 100vw, 1800px\" \/><\/p>\n","protected":false},"excerpt":{"rendered":"<p>El presidente de la Rep\u00fablica, Pedro Pablo Kuczynski, expres\u00f3 que el Per\u00fa recibe con alegr\u00eda y devoci\u00f3n al Papa Francisco, quien lleg\u00f3 a suelo peruano en visita apost\u00f3lica. Lima, 18 Enero 2018, (ANDINA).- El presidente de la Rep\u00fablica, Pedro Pablo Kuczynski, expres\u00f3 que el Per\u00fa recibe con alegr\u00eda y devoci\u00f3n al Papa Francisco, quien lleg\u00f3 [&hellip;]<\/p>\n","protected":false},"author":1,"featured_media":21269,"comment_status":"open","ping_status":"open","sticky":false,"template":"","format":"standard","meta":{"rop_custom_images_group":[],"rop_custom_messages_group":[],"rop_publish_now":"initial","rop_publish_now_accounts":[],"rop_publish_now_history":[],"rop_publish_now_status":"pending","footnotes":""},"categories":[5],"tags":[1140,2201],"class_list":["post-21268","post","type-post","status-publish","format-standard","has-post-thumbnail","hentry","category-actualidad-informativa","tag-papa-francisco","tag-papa-francisco-en-peru"],"_links":{"self":[{"href":"https:\/\/elinformanteperu.com\/index.php\/wp-json\/wp\/v2\/posts\/21268","targetHints":{"allow":["GET"]}}],"collection":[{"href":"https:\/\/elinformanteperu.com\/index.php\/wp-json\/wp\/v2\/posts"}],"about":[{"href":"https:\/\/elinformanteperu.com\/index.php\/wp-json\/wp\/v2\/types\/post"}],"author":[{"embeddable":true,"href":"https:\/\/elinformanteperu.com\/index.php\/wp-json\/wp\/v2\/users\/1"}],"replies":[{"embeddable":true,"href":"https:\/\/elinformanteperu.com\/index.php\/wp-json\/wp\/v2\/comments?post=21268"}],"version-history":[{"count":1,"href":"https:\/\/elinformanteperu.com\/index.php\/wp-json\/wp\/v2\/posts\/21268\/revisions"}],"predecessor-version":[{"id":21270,"href":"https:\/\/elinformanteperu.com\/index.php\/wp-json\/wp\/v2\/posts\/21268\/revisions\/21270"}],"wp:featuredmedia":[{"embeddable":true,"href":"https:\/\/elinformanteperu.com\/index.php\/wp-json\/wp\/v2\/media\/21269"}],"wp:attachment":[{"href":"https:\/\/elinformanteperu.com\/index.php\/wp-json\/wp\/v2\/media?parent=21268"}],"wp:term":[{"taxonomy":"category","embeddable":true,"href":"https:\/\/elinformanteperu.com\/index.php\/wp-json\/wp\/v2\/categories?post=21268"},{"taxonomy":"post_tag","embeddable":true,"href":"https:\/\/elinformanteperu.com\/index.php\/wp-json\/wp\/v2\/tags?post=21268"}],"curies":[{"name":"wp","href":"https:\/\/api.w.org\/{rel}","templated":true}]}}