{"id":21261,"date":"2018-01-18T22:49:51","date_gmt":"2018-01-19T03:49:51","guid":{"rendered":"http:\/\/elinformanteperu.com\/?p=21261"},"modified":"2018-01-18T22:49:51","modified_gmt":"2018-01-19T03:49:51","slug":"papa-francisco-recorrio-calles-de-lima-rumbo-a-nunciatura-apostolica","status":"publish","type":"post","link":"https:\/\/elinformanteperu.com\/index.php\/2018\/01\/18\/papa-francisco-recorrio-calles-de-lima-rumbo-a-nunciatura-apostolica\/","title":{"rendered":"Papa Francisco recorri\u00f3 calles de Lima rumbo a Nunciatura Apost\u00f3lica"},"content":{"rendered":"<p><strong><span style=\"color: #000000;\">El Papa Francisco arrib\u00f3 al Per\u00fa en visita pastoral, se traslad\u00f3 por diversas calles de Lima durante su trayecto del Grupo A\u00e9reo N\u00b0 8 a la Nunciatura Apost\u00f3lica, lugar donde pernoctar\u00e1.<\/span><\/strong><\/p>\n<p><span style=\"color: #000000;\"><strong>Lima, 18 Enero 2018, (ANDINA).-<\/strong> El Papa Francisco arrib\u00f3 al Per\u00fa en visita pastoral, se traslad\u00f3 por diversas calles de Lima durante su trayecto del Grupo A\u00e9reo N\u00b0 8 a la Nunciatura Apost\u00f3lica, lugar donde pernoctar\u00e1. Entre las avenidas Brasil y Del Ej\u00e9rcito realiz\u00f3 una parada para subir al papam\u00f3vil y, previamente, recibir las llaves de la ciudad.<\/span><\/p>\n<p><span style=\"color: #000000;\">Durante su paso por la avenida Faucett, a la salida del Grupo A\u00e9reo 8, el Papa se desplaz\u00f3 en un autom\u00f3vil cerrado junto a su comitiva, y recibi\u00f3 el saludo de miles de fieles que llegaron al lugar para ver por primera vez al sumo pont\u00edfice en suelo peruano.<\/span><\/p>\n<p><span style=\"color: #000000;\">La comitiva papal, conformada por unos 30 veh\u00edculos, fue escoltada por personal y veh\u00edculos de seguridad, mientras que el p\u00fablico hizo flamear banderas con los colores amarillo y blanco, que representan al Vaticano.<\/span><\/p>\n<p><span style=\"color: #000000;\">En el cruce de las avenidas Brasil y Del Ej\u00e9rcito, Francisco recibi\u00f3 el saludo de los alcaldes de Lima, Luis Casta\u00f1eda; as\u00ed como de los burgomaestres distritales de Magdalena del Mar, Francis Allison; y de San Miguel, Eduardo Bless.<\/span><\/p>\n<p><span style=\"color: #000000;\">All\u00ed, el Papa Francisco recibi\u00f3 las Llaves de la Ciudad de manos del alcalde Luis Casta\u00f1eda.<\/span><\/p>\n<p><span style=\"color: #000000;\">Luego, abord\u00f3 el papam\u00f3vil para recorrer la avenida Brasil, seguir por la avenida Guzm\u00e1n Blanco y continuar por la avenida Salaverry hasta llegar a la Nunciatura Apost\u00f3lica donde pernoctar\u00e1.<\/span><\/p>\n<p><iframe src=\"https:\/\/www.youtube-nocookie.com\/embed\/JWv0KkoH2K8?rel=0&amp;controls=0&amp;showinfo=0\" width=\"560\" height=\"315\" frameborder=\"0\" allowfullscreen=\"allowfullscreen\"><\/iframe><\/p>\n","protected":false},"excerpt":{"rendered":"<p>El Papa Francisco arrib\u00f3 al Per\u00fa en visita pastoral, se traslad\u00f3 por diversas calles de Lima durante su trayecto del Grupo A\u00e9reo N\u00b0 8 a la Nunciatura Apost\u00f3lica, lugar donde pernoctar\u00e1. Lima, 18 Enero 2018, (ANDINA).- El Papa Francisco arrib\u00f3 al Per\u00fa en visita pastoral, se traslad\u00f3 por diversas calles de Lima durante su trayecto [&hellip;]<\/p>\n","protected":false},"author":1,"featured_media":21262,"comment_status":"open","ping_status":"open","sticky":false,"template":"","format":"standard","meta":{"rop_custom_images_group":[],"rop_custom_messages_group":[],"rop_publish_now":"initial","rop_publish_now_accounts":[],"rop_publish_now_history":[],"rop_publish_now_status":"pending","footnotes":""},"categories":[5],"tags":[1140,2201],"class_list":["post-21261","post","type-post","status-publish","format-standard","has-post-thumbnail","hentry","category-actualidad-informativa","tag-papa-francisco","tag-papa-francisco-en-peru"],"_links":{"self":[{"href":"https:\/\/elinformanteperu.com\/index.php\/wp-json\/wp\/v2\/posts\/21261","targetHints":{"allow":["GET"]}}],"collection":[{"href":"https:\/\/elinformanteperu.com\/index.php\/wp-json\/wp\/v2\/posts"}],"about":[{"href":"https:\/\/elinformanteperu.com\/index.php\/wp-json\/wp\/v2\/types\/post"}],"author":[{"embeddable":true,"href":"https:\/\/elinformanteperu.com\/index.php\/wp-json\/wp\/v2\/users\/1"}],"replies":[{"embeddable":true,"href":"https:\/\/elinformanteperu.com\/index.php\/wp-json\/wp\/v2\/comments?post=21261"}],"version-history":[{"count":1,"href":"https:\/\/elinformanteperu.com\/index.php\/wp-json\/wp\/v2\/posts\/21261\/revisions"}],"predecessor-version":[{"id":21263,"href":"https:\/\/elinformanteperu.com\/index.php\/wp-json\/wp\/v2\/posts\/21261\/revisions\/21263"}],"wp:featuredmedia":[{"embeddable":true,"href":"https:\/\/elinformanteperu.com\/index.php\/wp-json\/wp\/v2\/media\/21262"}],"wp:attachment":[{"href":"https:\/\/elinformanteperu.com\/index.php\/wp-json\/wp\/v2\/media?parent=21261"}],"wp:term":[{"taxonomy":"category","embeddable":true,"href":"https:\/\/elinformanteperu.com\/index.php\/wp-json\/wp\/v2\/categories?post=21261"},{"taxonomy":"post_tag","embeddable":true,"href":"https:\/\/elinformanteperu.com\/index.php\/wp-json\/wp\/v2\/tags?post=21261"}],"curies":[{"name":"wp","href":"https:\/\/api.w.org\/{rel}","templated":true}]}}