{"id":21257,"date":"2018-01-18T22:23:01","date_gmt":"2018-01-19T03:23:01","guid":{"rendered":"http:\/\/elinformanteperu.com\/?p=21257"},"modified":"2018-01-18T22:23:01","modified_gmt":"2018-01-19T03:23:01","slug":"papa-francisco-fue-recibido-por-presidente-kuczynski","status":"publish","type":"post","link":"https:\/\/elinformanteperu.com\/index.php\/2018\/01\/18\/papa-francisco-fue-recibido-por-presidente-kuczynski\/","title":{"rendered":"Papa Francisco fue recibido por presidente Kuczynski"},"content":{"rendered":"<p><strong><span style=\"color: #000000;\">El Papa Francisco recibi\u00f3 la bienvenida al Per\u00fa del presidente de la Rep\u00fablica, Pedro Pablo Kuczynski, en el Grupo A\u00e9reo N\u00famero 8 del Callao.<\/span><\/strong><\/p>\n<p><span style=\"color: #000000;\"><strong>Lima, 18 Enero 2018, (ANDINA).-<\/strong> El Papa Francisco recibi\u00f3 la bienvenida al Per\u00fa del presidente de la Rep\u00fablica, Pedro Pablo Kuczynski, en el Grupo A\u00e9reo N\u00famero 8 del Callao, donde aterriz\u00f3 el avi\u00f3n que trajo al Sumo Pont\u00edfice a territorio nacional.<\/span><\/p>\n<p><span style=\"color: #000000;\">En la alfombra roja especialmente acondicionada, el jefe del Estado, acompa\u00f1ado de su esposa, Nancy Lange, esper\u00f3 el descenso del Papa de la aeronave para darle la bienvenida a nombre de la Naci\u00f3n y del Estado peruano.<\/span><\/p>\n<p><img fetchpriority=\"high\" decoding=\"async\" class=\"aligncenter size-full wp-image-21259\" src=\"http:\/\/elinformanteperu.com\/wp-content\/uploads\/2018\/01\/papa-lima1.jpg\" alt=\"\" width=\"1800\" height=\"1200\" srcset=\"https:\/\/elinformanteperu.com\/wp-content\/uploads\/2018\/01\/papa-lima1.jpg 1800w, https:\/\/elinformanteperu.com\/wp-content\/uploads\/2018\/01\/papa-lima1-300x200.jpg 300w, https:\/\/elinformanteperu.com\/wp-content\/uploads\/2018\/01\/papa-lima1-768x512.jpg 768w, https:\/\/elinformanteperu.com\/wp-content\/uploads\/2018\/01\/papa-lima1-1024x683.jpg 1024w, https:\/\/elinformanteperu.com\/wp-content\/uploads\/2018\/01\/papa-lima1-128x85.jpg 128w, https:\/\/elinformanteperu.com\/wp-content\/uploads\/2018\/01\/papa-lima1-32x21.jpg 32w\" sizes=\"(max-width: 1800px) 100vw, 1800px\" \/><\/p>\n<p><span style=\"color: #000000;\">Acto seguido, dos ni\u00f1os entregaron flores al Santo Padre y la ceremonia protocolar continu\u00f3 con el saludo de miembros de la Iglesia Cat\u00f3lica peruana.<\/span><\/p>\n<p><span style=\"color: #000000;\">La m\u00e1xima autoridad de la Iglesia Cat\u00f3lica arrib\u00f3 esta tarde a las 16.32 horas proveniente de Iquique, Chile.<\/span><\/p>\n<p><span style=\"color: #000000;\">Durante su visita pastoral al Per\u00fa, el Papa oficiar\u00e1 misas en Lima, Madre de Dios y Trujillo, y se reunir\u00e1 con autoridades y fieles cat\u00f3licos.<\/span><\/p>\n<p>https:\/\/www.facebook.com\/presidenciaperu\/videos\/1745942432135588\/<\/p>\n","protected":false},"excerpt":{"rendered":"<p>El Papa Francisco recibi\u00f3 la bienvenida al Per\u00fa del presidente de la Rep\u00fablica, Pedro Pablo Kuczynski, en el Grupo A\u00e9reo N\u00famero 8 del Callao. Lima, 18 Enero 2018, (ANDINA).- El Papa Francisco recibi\u00f3 la bienvenida al Per\u00fa del presidente de la Rep\u00fablica, Pedro Pablo Kuczynski, en el Grupo A\u00e9reo N\u00famero 8 del Callao, donde aterriz\u00f3 [&hellip;]<\/p>\n","protected":false},"author":1,"featured_media":21258,"comment_status":"open","ping_status":"open","sticky":false,"template":"","format":"standard","meta":{"rop_custom_images_group":[],"rop_custom_messages_group":[],"rop_publish_now":"initial","rop_publish_now_accounts":[],"rop_publish_now_history":[],"rop_publish_now_status":"pending","footnotes":""},"categories":[5],"tags":[1140,2201],"class_list":["post-21257","post","type-post","status-publish","format-standard","has-post-thumbnail","hentry","category-actualidad-informativa","tag-papa-francisco","tag-papa-francisco-en-peru"],"_links":{"self":[{"href":"https:\/\/elinformanteperu.com\/index.php\/wp-json\/wp\/v2\/posts\/21257","targetHints":{"allow":["GET"]}}],"collection":[{"href":"https:\/\/elinformanteperu.com\/index.php\/wp-json\/wp\/v2\/posts"}],"about":[{"href":"https:\/\/elinformanteperu.com\/index.php\/wp-json\/wp\/v2\/types\/post"}],"author":[{"embeddable":true,"href":"https:\/\/elinformanteperu.com\/index.php\/wp-json\/wp\/v2\/users\/1"}],"replies":[{"embeddable":true,"href":"https:\/\/elinformanteperu.com\/index.php\/wp-json\/wp\/v2\/comments?post=21257"}],"version-history":[{"count":1,"href":"https:\/\/elinformanteperu.com\/index.php\/wp-json\/wp\/v2\/posts\/21257\/revisions"}],"predecessor-version":[{"id":21260,"href":"https:\/\/elinformanteperu.com\/index.php\/wp-json\/wp\/v2\/posts\/21257\/revisions\/21260"}],"wp:featuredmedia":[{"embeddable":true,"href":"https:\/\/elinformanteperu.com\/index.php\/wp-json\/wp\/v2\/media\/21258"}],"wp:attachment":[{"href":"https:\/\/elinformanteperu.com\/index.php\/wp-json\/wp\/v2\/media?parent=21257"}],"wp:term":[{"taxonomy":"category","embeddable":true,"href":"https:\/\/elinformanteperu.com\/index.php\/wp-json\/wp\/v2\/categories?post=21257"},{"taxonomy":"post_tag","embeddable":true,"href":"https:\/\/elinformanteperu.com\/index.php\/wp-json\/wp\/v2\/tags?post=21257"}],"curies":[{"name":"wp","href":"https:\/\/api.w.org\/{rel}","templated":true}]}}