{"id":21217,"date":"2018-01-18T20:33:45","date_gmt":"2018-01-19T01:33:45","guid":{"rendered":"http:\/\/elinformanteperu.com\/?p=21217"},"modified":"2018-01-18T20:33:45","modified_gmt":"2018-01-19T01:33:45","slug":"trasladan-restos-de-don-augusto-polo-campos","status":"publish","type":"post","link":"https:\/\/elinformanteperu.com\/index.php\/2018\/01\/18\/trasladan-restos-de-don-augusto-polo-campos\/","title":{"rendered":"Trasladan restos de don Augusto Polo Campos"},"content":{"rendered":"<p><strong><span style=\"color: #000000;\">Los restos mortales de don Augusto Polo Campos son trasladados, en estos momentos, al Gran Teatro Nacional para ser velados desde las 15:00 horas.<\/span><\/strong><\/p>\n<p><span style=\"color: #000000;\"><strong>Lima, 18 Enero 2018, (ANDINA).-<\/strong> Los restos mortales de don Augusto Polo Campos son trasladados, en estos momentos, al Gran Teatro Nacional para ser velados desde las 15:00 horas.<\/span><\/p>\n<p><span style=\"color: #000000;\">Ma\u00f1ana, el laureado compositor recibir\u00e1 un homenaje por parte de la municipalidad del R\u00edmac.<\/span><\/p>\n<p><span style=\"color: #000000;\">Los familiares de la gran figura de la composici\u00f3n musical anunciaron que los admiradores de don Augusto podr\u00e1n darle el \u00faltimo adi\u00f3s y rendirle homenaje en el recinto m\u00e1s importante del pa\u00eds.<\/span><\/p>\n<p><span style=\"color: #000000;\">La Polic\u00eda Nacional del Per\u00fa tendr\u00eda previsto, adem\u00e1s, tributarle un homenaje en los pr\u00f3ximos d\u00edas, ya que don Augusto fue miembro de las fuerzas policiales.<\/span><\/p>\n<p><img fetchpriority=\"high\" decoding=\"async\" class=\"aligncenter size-full wp-image-21129\" src=\"http:\/\/elinformanteperu.com\/wp-content\/uploads\/2018\/01\/polo-campos1-1.jpg\" alt=\"\" width=\"611\" height=\"458\" srcset=\"https:\/\/elinformanteperu.com\/wp-content\/uploads\/2018\/01\/polo-campos1-1.jpg 611w, https:\/\/elinformanteperu.com\/wp-content\/uploads\/2018\/01\/polo-campos1-1-300x225.jpg 300w, https:\/\/elinformanteperu.com\/wp-content\/uploads\/2018\/01\/polo-campos1-1-128x96.jpg 128w, https:\/\/elinformanteperu.com\/wp-content\/uploads\/2018\/01\/polo-campos1-1-32x24.jpg 32w\" sizes=\"(max-width: 611px) 100vw, 611px\" \/><\/p>\n","protected":false},"excerpt":{"rendered":"<p>Los restos mortales de don Augusto Polo Campos son trasladados, en estos momentos, al Gran Teatro Nacional para ser velados desde las 15:00 horas. Lima, 18 Enero 2018, (ANDINA).- Los restos mortales de don Augusto Polo Campos son trasladados, en estos momentos, al Gran Teatro Nacional para ser velados desde las 15:00 horas. Ma\u00f1ana, el [&hellip;]<\/p>\n","protected":false},"author":1,"featured_media":21218,"comment_status":"open","ping_status":"open","sticky":false,"template":"","format":"standard","meta":{"rop_custom_images_group":[],"rop_custom_messages_group":[],"rop_publish_now":"initial","rop_publish_now_accounts":[],"rop_publish_now_history":[],"rop_publish_now_status":"pending","footnotes":""},"categories":[70],"tags":[1317],"class_list":["post-21217","post","type-post","status-publish","format-standard","has-post-thumbnail","hentry","category-farandula","tag-augusto-polo-campos"],"_links":{"self":[{"href":"https:\/\/elinformanteperu.com\/index.php\/wp-json\/wp\/v2\/posts\/21217","targetHints":{"allow":["GET"]}}],"collection":[{"href":"https:\/\/elinformanteperu.com\/index.php\/wp-json\/wp\/v2\/posts"}],"about":[{"href":"https:\/\/elinformanteperu.com\/index.php\/wp-json\/wp\/v2\/types\/post"}],"author":[{"embeddable":true,"href":"https:\/\/elinformanteperu.com\/index.php\/wp-json\/wp\/v2\/users\/1"}],"replies":[{"embeddable":true,"href":"https:\/\/elinformanteperu.com\/index.php\/wp-json\/wp\/v2\/comments?post=21217"}],"version-history":[{"count":1,"href":"https:\/\/elinformanteperu.com\/index.php\/wp-json\/wp\/v2\/posts\/21217\/revisions"}],"predecessor-version":[{"id":21219,"href":"https:\/\/elinformanteperu.com\/index.php\/wp-json\/wp\/v2\/posts\/21217\/revisions\/21219"}],"wp:featuredmedia":[{"embeddable":true,"href":"https:\/\/elinformanteperu.com\/index.php\/wp-json\/wp\/v2\/media\/21218"}],"wp:attachment":[{"href":"https:\/\/elinformanteperu.com\/index.php\/wp-json\/wp\/v2\/media?parent=21217"}],"wp:term":[{"taxonomy":"category","embeddable":true,"href":"https:\/\/elinformanteperu.com\/index.php\/wp-json\/wp\/v2\/categories?post=21217"},{"taxonomy":"post_tag","embeddable":true,"href":"https:\/\/elinformanteperu.com\/index.php\/wp-json\/wp\/v2\/tags?post=21217"}],"curies":[{"name":"wp","href":"https:\/\/api.w.org\/{rel}","templated":true}]}}