{"id":21213,"date":"2018-01-18T20:21:31","date_gmt":"2018-01-19T01:21:31","guid":{"rendered":"http:\/\/elinformanteperu.com\/?p=21213"},"modified":"2018-01-18T20:21:31","modified_gmt":"2018-01-19T01:21:31","slug":"augusto-polo-campos-sus-restos-seran-velados-en-el-gran-teatro-nacional","status":"publish","type":"post","link":"https:\/\/elinformanteperu.com\/index.php\/2018\/01\/18\/augusto-polo-campos-sus-restos-seran-velados-en-el-gran-teatro-nacional\/","title":{"rendered":"Augusto Polo Campos: sus restos ser\u00e1n velados en el Gran Teatro Nacional"},"content":{"rendered":"<p><strong><span style=\"color: #000000;\">Los restos de Don Augusto Polo Campo ser\u00e1n velados desde hoy en el Gran Teatro Nacional, en medio de la celebraci\u00f3n del aniversario de Lima y la llegada del Papa.<\/span><\/strong><\/p>\n<p><span style=\"color: #000000;\"><strong>Lima, 18 Enero 2018, (ANDINA).-<\/strong> Los restos de Don Augusto Polo Campo ser\u00e1n velados desde hoy en el Gran Teatro Nacional, en medio de la celebraci\u00f3n del aniversario de Lima y la llegada al Per\u00fa del Papa Francisco.<\/span><\/p>\n<p><span style=\"color: #000000;\">El ministro de Cultura, Alejandro Neyra, formul\u00f3 el anuncio mediante las redes sociales del portafolio.<\/span><\/p>\n<p><span style=\"color: #000000;\">El laureado compositor Augusto Polo Campos dej\u00f3 de existir los \u00faltimos minutos de ayer, tras sobrevenirle un infarto, a los 85 a\u00f1os de edad.<\/span><\/p>\n<p><iframe src=\"https:\/\/www.youtube-nocookie.com\/embed\/SDZnk3Y6goc?rel=0&amp;controls=0&amp;showinfo=0\" width=\"560\" height=\"315\" frameborder=\"0\" allowfullscreen=\"allowfullscreen\"><\/iframe><\/p>\n","protected":false},"excerpt":{"rendered":"<p>Los restos de Don Augusto Polo Campo ser\u00e1n velados desde hoy en el Gran Teatro Nacional, en medio de la celebraci\u00f3n del aniversario de Lima y la llegada del Papa. Lima, 18 Enero 2018, (ANDINA).- Los restos de Don Augusto Polo Campo ser\u00e1n velados desde hoy en el Gran Teatro Nacional, en medio de la [&hellip;]<\/p>\n","protected":false},"author":1,"featured_media":20911,"comment_status":"open","ping_status":"open","sticky":false,"template":"","format":"standard","meta":{"rop_custom_images_group":[],"rop_custom_messages_group":[],"rop_publish_now":"initial","rop_publish_now_accounts":[],"rop_publish_now_history":[],"rop_publish_now_status":"pending","footnotes":""},"categories":[70],"tags":[1317],"class_list":["post-21213","post","type-post","status-publish","format-standard","has-post-thumbnail","hentry","category-farandula","tag-augusto-polo-campos"],"_links":{"self":[{"href":"https:\/\/elinformanteperu.com\/index.php\/wp-json\/wp\/v2\/posts\/21213","targetHints":{"allow":["GET"]}}],"collection":[{"href":"https:\/\/elinformanteperu.com\/index.php\/wp-json\/wp\/v2\/posts"}],"about":[{"href":"https:\/\/elinformanteperu.com\/index.php\/wp-json\/wp\/v2\/types\/post"}],"author":[{"embeddable":true,"href":"https:\/\/elinformanteperu.com\/index.php\/wp-json\/wp\/v2\/users\/1"}],"replies":[{"embeddable":true,"href":"https:\/\/elinformanteperu.com\/index.php\/wp-json\/wp\/v2\/comments?post=21213"}],"version-history":[{"count":1,"href":"https:\/\/elinformanteperu.com\/index.php\/wp-json\/wp\/v2\/posts\/21213\/revisions"}],"predecessor-version":[{"id":21214,"href":"https:\/\/elinformanteperu.com\/index.php\/wp-json\/wp\/v2\/posts\/21213\/revisions\/21214"}],"wp:featuredmedia":[{"embeddable":true,"href":"https:\/\/elinformanteperu.com\/index.php\/wp-json\/wp\/v2\/media\/20911"}],"wp:attachment":[{"href":"https:\/\/elinformanteperu.com\/index.php\/wp-json\/wp\/v2\/media?parent=21213"}],"wp:term":[{"taxonomy":"category","embeddable":true,"href":"https:\/\/elinformanteperu.com\/index.php\/wp-json\/wp\/v2\/categories?post=21213"},{"taxonomy":"post_tag","embeddable":true,"href":"https:\/\/elinformanteperu.com\/index.php\/wp-json\/wp\/v2\/tags?post=21213"}],"curies":[{"name":"wp","href":"https:\/\/api.w.org\/{rel}","templated":true}]}}