{"id":21115,"date":"2018-01-15T20:24:24","date_gmt":"2018-01-16T01:24:24","guid":{"rendered":"http:\/\/elinformanteperu.com\/?p=21115"},"modified":"2018-01-15T20:24:24","modified_gmt":"2018-01-16T01:24:24","slug":"mario-testino-se-defiende","status":"publish","type":"post","link":"https:\/\/elinformanteperu.com\/index.php\/2018\/01\/15\/mario-testino-se-defiende\/","title":{"rendered":"Mario Testino se defiende"},"content":{"rendered":"<p><strong><span style=\"color: #000000;\">La defensa del fot\u00f3grafo peruano, Mario Testino se pronunci\u00f3 en torno a las acusaciones de acoso sexual que enfrenta el fot\u00f3grafo peruano de fama mundial.<\/span><\/strong><\/p>\n<p><span style=\"color: #000000;\"><strong>Lima, 15 Enero 2018, (El Informante Per\u00fa).-<\/strong> La defensa del fot\u00f3grafo peruano, Mario Testino se pronunci\u00f3 en torno a las acusaciones de acoso sexual que enfrenta el fot\u00f3grafo peruano de fama mundial.<\/span><\/p>\n<p><span style=\"color: #000000;\">Lavely &amp; Singer, firma de abogados que representa a Mario Testino, puso en tela de juicio la credibilidad de las partes acusadoras.\u00bbNo pueden considerarse fuentes confiables\u00bb, dijeron los letrados a The New York Times.<\/span><\/p>\n<p><span style=\"color: #000000;\">Asimismo, pusieron en duda la salud mental de Hugo Tillman, quien trabaj\u00f3 como asistente fotogr\u00e1fico de Testino en 1996 y actualmente lo acusa de haber intentado besarlo en la calle, adem\u00e1s de abalanzarse sobre \u00e9l en una cama de hotel.<\/span><\/p>\n<p><span style=\"color: #000000;\">Otro asistente de Testino en los a\u00f1os 90, Rom\u00e1n Barrett, cont\u00f3 que el acusado se sob\u00f3 contra su pierna mientras manten\u00eda una erecci\u00f3n y se masturb\u00f3 frente a \u00e9l.<\/span><\/p>\n<p><span style=\"color: #000000;\">La defensa del fot\u00f3grafo peruano indic\u00f3 que Barrett y Hargreave eran \u00abempleados descontentos\u00bb, por tanto sus declaraciones carecer\u00edan de objetividad y veracidad.<\/span><\/p>\n<p><span style=\"color: #000000;\">Lavely &amp; Singer tambi\u00e9n le dijo al The New York Times que se contact\u00f3 con ex empleados que estaban \u00abimpactados por las acusaciones\u00bb y que dichas personas \u00abno pod\u00edan confirmar las revelaciones\u00bb.<\/span><\/p>\n<p><span style=\"color: #000000;\">Cabe destacar que en su m\u00e1s reciente edici\u00f3n, The New York Times difundi\u00f3 que 13 personas, entre modelos masculinos y asistentes, se\u00f1alan que Mario Testino tuvo una conducta sexualmente agresiva hacia hombres, la cual se tradujo en tocamientos indebidos y masturbaci\u00f3n.<\/span><\/p>\n<p><img fetchpriority=\"high\" decoding=\"async\" class=\"aligncenter size-full wp-image-21117\" src=\"http:\/\/elinformanteperu.com\/wp-content\/uploads\/2018\/01\/mario-testino1.png\" alt=\"\" width=\"670\" height=\"376\" srcset=\"https:\/\/elinformanteperu.com\/wp-content\/uploads\/2018\/01\/mario-testino1.png 670w, https:\/\/elinformanteperu.com\/wp-content\/uploads\/2018\/01\/mario-testino1-300x168.png 300w, https:\/\/elinformanteperu.com\/wp-content\/uploads\/2018\/01\/mario-testino1-128x72.png 128w, https:\/\/elinformanteperu.com\/wp-content\/uploads\/2018\/01\/mario-testino1-32x18.png 32w\" sizes=\"(max-width: 670px) 100vw, 670px\" \/><\/p>\n","protected":false},"excerpt":{"rendered":"<p>La defensa del fot\u00f3grafo peruano, Mario Testino se pronunci\u00f3 en torno a las acusaciones de acoso sexual que enfrenta el fot\u00f3grafo peruano de fama mundial. Lima, 15 Enero 2018, (El Informante Per\u00fa).- La defensa del fot\u00f3grafo peruano, Mario Testino se pronunci\u00f3 en torno a las acusaciones de acoso sexual que enfrenta el fot\u00f3grafo peruano de [&hellip;]<\/p>\n","protected":false},"author":1,"featured_media":21116,"comment_status":"open","ping_status":"open","sticky":false,"template":"","format":"standard","meta":{"rop_custom_images_group":[],"rop_custom_messages_group":[],"rop_publish_now":"initial","rop_publish_now_accounts":[],"rop_publish_now_history":[],"rop_publish_now_status":"pending","footnotes":""},"categories":[70],"tags":[2689],"class_list":["post-21115","post","type-post","status-publish","format-standard","has-post-thumbnail","hentry","category-farandula","tag-mario-testino"],"_links":{"self":[{"href":"https:\/\/elinformanteperu.com\/index.php\/wp-json\/wp\/v2\/posts\/21115","targetHints":{"allow":["GET"]}}],"collection":[{"href":"https:\/\/elinformanteperu.com\/index.php\/wp-json\/wp\/v2\/posts"}],"about":[{"href":"https:\/\/elinformanteperu.com\/index.php\/wp-json\/wp\/v2\/types\/post"}],"author":[{"embeddable":true,"href":"https:\/\/elinformanteperu.com\/index.php\/wp-json\/wp\/v2\/users\/1"}],"replies":[{"embeddable":true,"href":"https:\/\/elinformanteperu.com\/index.php\/wp-json\/wp\/v2\/comments?post=21115"}],"version-history":[{"count":1,"href":"https:\/\/elinformanteperu.com\/index.php\/wp-json\/wp\/v2\/posts\/21115\/revisions"}],"predecessor-version":[{"id":21118,"href":"https:\/\/elinformanteperu.com\/index.php\/wp-json\/wp\/v2\/posts\/21115\/revisions\/21118"}],"wp:featuredmedia":[{"embeddable":true,"href":"https:\/\/elinformanteperu.com\/index.php\/wp-json\/wp\/v2\/media\/21116"}],"wp:attachment":[{"href":"https:\/\/elinformanteperu.com\/index.php\/wp-json\/wp\/v2\/media?parent=21115"}],"wp:term":[{"taxonomy":"category","embeddable":true,"href":"https:\/\/elinformanteperu.com\/index.php\/wp-json\/wp\/v2\/categories?post=21115"},{"taxonomy":"post_tag","embeddable":true,"href":"https:\/\/elinformanteperu.com\/index.php\/wp-json\/wp\/v2\/tags?post=21115"}],"curies":[{"name":"wp","href":"https:\/\/api.w.org\/{rel}","templated":true}]}}