{"id":21051,"date":"2018-01-14T21:58:57","date_gmt":"2018-01-15T02:58:57","guid":{"rendered":"http:\/\/elinformanteperu.com\/?p=21051"},"modified":"2018-01-14T21:58:57","modified_gmt":"2018-01-15T02:58:57","slug":"sismo-en-arequipa-ministro-jorge-melendez-lleva-ayuda-para-afectados","status":"publish","type":"post","link":"https:\/\/elinformanteperu.com\/index.php\/2018\/01\/14\/sismo-en-arequipa-ministro-jorge-melendez-lleva-ayuda-para-afectados\/","title":{"rendered":"Sismo en Arequipa: ministro Jorge Mel\u00e9ndez lleva ayuda para afectados"},"content":{"rendered":"<p><strong><span style=\"color: #000000;\">El ministro del MIDIS, Jorge Mel\u00e9ndez, llev\u00f3 a la provincia de Caravel\u00ed, regi\u00f3n Arequipa, importante ayuda humanitaria para los pobladores de los distritos afectados por el fuerte sismo.<\/span><\/strong><\/p>\n<p><span style=\"color: #000000;\"><strong>Lima, 14 Enero 2018, (ANDINA).-<\/strong> El ministro de Desarrollo e Inclusi\u00f3n Social, Jorge Mel\u00e9ndez, llev\u00f3 a la provincia de Caravel\u00ed, regi\u00f3n Arequipa, importante ayuda humanitaria para los pobladores de los distritos afectados por el fuerte sismo que se registr\u00f3 esta madrugada.<\/span><\/p>\n<p><span style=\"color: #000000;\">Siguiendo instrucciones del presidente de la Rep\u00fablica, Pedro Pablo Kuczynski, y la presidenta del Consejo de Ministros, Mercedes Ar\u00e1oz; el titular del Midis se traslad\u00f3 a las principales zonas da\u00f1adas para sumarse a las acciones del Gobierno Nacional, a fin de apoyar a las poblaciones afectadas por el sismo de 6.8 grados en la escala de Richter, seg\u00fan report\u00f3 el Instituto Geof\u00edsico del Per\u00fa (IGP).<\/span><\/p>\n<p><span style=\"color: #000000;\">El titular del Midis recorrer\u00e1 los distritos de Acari y Chala, donde entregar\u00e1 ayuda humanitaria, adem\u00e1s de conocer in situ las acciones que vienen desarrollando desde los programas sociales para que las prestaciones de servicios no sean afectadas.<\/span><\/p>\n<p><span style=\"color: #000000;\">\u201cTodas las instituciones del Estado se han sumado al llamado de la presidenta del Consejo de Ministros, para acompa\u00f1ar y dar apoyo al Presidente de la Rep\u00fablica, quien se encuentra en la zona\u201d, dijo.<\/span><\/p>\n<p><span style=\"color: #000000;\">El ministro, tambi\u00e9n anunci\u00f3 que el Programa Pa\u00eds puso a disposici\u00f3n los Tambos de la zona Ayacucho sur, a fin de brindar soporte a las plataformas de defensa civil, los cuales ser\u00e1n usados como punto de albergue temporal para los pobladores afectados, principalmente ni\u00f1os y ancianos.<\/span><\/p>\n<p><span style=\"color: #000000;\">\u201cLos tambos sirven tambi\u00e9n como punto de almac\u00e9n temporal para las entidades p\u00fablicas que brindar\u00e1n ayuda\u201d, anot\u00f3.<\/span><\/p>\n<p><span style=\"color: #000000;\">Asimismo, se informa que a trav\u00e9s del Programa Nacional Cuna M\u00e1s, se atender\u00e1 a los ni\u00f1os m\u00e1s pobres, menores de tres a\u00f1os de la zona, con raciones fr\u00edas, que cubran necesidades cal\u00f3ricas y prot\u00e9ica, ricas en hierro.<\/span><\/p>\n<p><span style=\"color: #000000;\">Por su parte, Qali Warma se encuentran monitoreando la infraestructura de los colegios de esta jurisdicci\u00f3n, debido a que el reparto de las raciones escolares se reinicia a partir del 12 de marzo, cuando los escolares retornen a las aulas.<\/span><\/p>\n<p><span style=\"color: #000000;\">El ministro Mel\u00e9ndez estuvo acompa\u00f1ado del viceministro de Prestaciones Sociales, Jorge Apoloni. Apenas se tom\u00f3 conocimiento del movimiento tel\u00farico, desde primeras horas de la ma\u00f1ana, se dispuso que se activen las alertas para monitorear las localidades; adem\u00e1s de activar la ayuda humanitaria de los tambos que consiste en entrega de agua y alimentos no perecibles.<\/span><\/p>\n<p><img fetchpriority=\"high\" decoding=\"async\" class=\"aligncenter size-full wp-image-21053\" src=\"http:\/\/elinformanteperu.com\/wp-content\/uploads\/2018\/01\/sismo-arequipa-viveres1.jpg\" alt=\"\" width=\"500\" height=\"333\" srcset=\"https:\/\/elinformanteperu.com\/wp-content\/uploads\/2018\/01\/sismo-arequipa-viveres1.jpg 500w, https:\/\/elinformanteperu.com\/wp-content\/uploads\/2018\/01\/sismo-arequipa-viveres1-300x200.jpg 300w, https:\/\/elinformanteperu.com\/wp-content\/uploads\/2018\/01\/sismo-arequipa-viveres1-128x85.jpg 128w, https:\/\/elinformanteperu.com\/wp-content\/uploads\/2018\/01\/sismo-arequipa-viveres1-32x21.jpg 32w\" sizes=\"(max-width: 500px) 100vw, 500px\" \/><\/p>\n","protected":false},"excerpt":{"rendered":"<p>El ministro del MIDIS, Jorge Mel\u00e9ndez, llev\u00f3 a la provincia de Caravel\u00ed, regi\u00f3n Arequipa, importante ayuda humanitaria para los pobladores de los distritos afectados por el fuerte sismo. Lima, 14 Enero 2018, (ANDINA).- El ministro de Desarrollo e Inclusi\u00f3n Social, Jorge Mel\u00e9ndez, llev\u00f3 a la provincia de Caravel\u00ed, regi\u00f3n Arequipa, importante ayuda humanitaria para los [&hellip;]<\/p>\n","protected":false},"author":1,"featured_media":21052,"comment_status":"open","ping_status":"open","sticky":false,"template":"","format":"standard","meta":{"rop_custom_images_group":[],"rop_custom_messages_group":[],"rop_publish_now":"initial","rop_publish_now_accounts":[],"rop_publish_now_history":[],"rop_publish_now_status":"pending","footnotes":""},"categories":[10],"tags":[2679,153,2682],"class_list":["post-21051","post","type-post","status-publish","format-standard","has-post-thumbnail","hentry","category-actualidad-municipal","tag-jorge-melendez","tag-midis","tag-sismo-arequipa-2018"],"_links":{"self":[{"href":"https:\/\/elinformanteperu.com\/index.php\/wp-json\/wp\/v2\/posts\/21051","targetHints":{"allow":["GET"]}}],"collection":[{"href":"https:\/\/elinformanteperu.com\/index.php\/wp-json\/wp\/v2\/posts"}],"about":[{"href":"https:\/\/elinformanteperu.com\/index.php\/wp-json\/wp\/v2\/types\/post"}],"author":[{"embeddable":true,"href":"https:\/\/elinformanteperu.com\/index.php\/wp-json\/wp\/v2\/users\/1"}],"replies":[{"embeddable":true,"href":"https:\/\/elinformanteperu.com\/index.php\/wp-json\/wp\/v2\/comments?post=21051"}],"version-history":[{"count":1,"href":"https:\/\/elinformanteperu.com\/index.php\/wp-json\/wp\/v2\/posts\/21051\/revisions"}],"predecessor-version":[{"id":21054,"href":"https:\/\/elinformanteperu.com\/index.php\/wp-json\/wp\/v2\/posts\/21051\/revisions\/21054"}],"wp:featuredmedia":[{"embeddable":true,"href":"https:\/\/elinformanteperu.com\/index.php\/wp-json\/wp\/v2\/media\/21052"}],"wp:attachment":[{"href":"https:\/\/elinformanteperu.com\/index.php\/wp-json\/wp\/v2\/media?parent=21051"}],"wp:term":[{"taxonomy":"category","embeddable":true,"href":"https:\/\/elinformanteperu.com\/index.php\/wp-json\/wp\/v2\/categories?post=21051"},{"taxonomy":"post_tag","embeddable":true,"href":"https:\/\/elinformanteperu.com\/index.php\/wp-json\/wp\/v2\/tags?post=21051"}],"curies":[{"name":"wp","href":"https:\/\/api.w.org\/{rel}","templated":true}]}}