{"id":21048,"date":"2018-01-14T21:35:50","date_gmt":"2018-01-15T02:35:50","guid":{"rendered":"http:\/\/elinformanteperu.com\/?p=21048"},"modified":"2018-01-14T21:35:50","modified_gmt":"2018-01-15T02:35:50","slug":"paolo-guerrero-flamengo-decide-suspender-el-contrato-del-delantero-peruano","status":"publish","type":"post","link":"https:\/\/elinformanteperu.com\/index.php\/2018\/01\/14\/paolo-guerrero-flamengo-decide-suspender-el-contrato-del-delantero-peruano\/","title":{"rendered":"Paolo Guerrero: Flamengo decide suspender el contrato del delantero peruano"},"content":{"rendered":"<p><strong><span style=\"color: #000000;\">El Flamengo suspendi\u00f3 el contrato de Paolo Guerrero, sancionado por la FIFA por positivo en un control antidopaje, hasta que recupere la condici\u00f3n para jugar.<\/span><\/strong><\/p>\n<p><span style=\"color: #000000;\"><strong>R\u00edo de Janeiro, 14 Enero 2018, (ANDINA).-<\/strong> El Flamengo suspendi\u00f3 el contrato de Paolo Guerrero, sancionado por la FIFA por positivo en un control antidopaje, hasta que recupere la condici\u00f3n para jugar, seg\u00fan inform\u00f3 el vicepresidente jur\u00eddico del club carioca, Fl\u00e1vio Willeman.<\/span><\/p>\n<p><span style=\"color: #000000;\">\u201cEl Flamengo nada m\u00e1s que cumple con el contrato. El contrato est\u00e1 suspendido, est\u00e1 previsto en la legislaci\u00f3n y en el contrato. Mientras el contrato est\u00e9 suspendido, \u00e9l (Guerrero) no recibe del club\u201d, manifest\u00f3 Willeman en una entrevista al blog \u201cSer Flamengo\u201d repercutida por medios locales.<\/span><\/p>\n<p><span style=\"color: #000000;\">El directivo dijo que la decisi\u00f3n fue \u201cmuy bien recibida\u201d por el capit\u00e1n de la selecci\u00f3n peruana porque \u201ces justo\u201d y \u201cest\u00e1 en el contrato y en la legislaci\u00f3n\u201d reiter\u00f3.<\/span><\/p>\n<p><span style=\"color: #000000;\">Paolo Guerrero, de 34 a\u00f1os, est\u00e1 suspendido por la Comisi\u00f3n Disciplinaria de la FIFA desde el pasado 3 de noviembre tras dar positivo por el metabolito de la coca\u00edna benzoilecgonina, que est\u00e1 incluida entre los estimulantes prohibidos por la Agencia Mundial Antidopaje (AMA).<\/span><\/p>\n<p><span style=\"color: #000000;\">La sustancia se le detect\u00f3 despu\u00e9s de un control antidopaje al que se someti\u00f3 el pasado 5 de octubre en Buenos Aires, donde disput\u00f3 con su selecci\u00f3n el partido de clasificaci\u00f3n para el Mundial Rusia 2018 ante Argentina.<\/span><\/p>\n<p><span style=\"color: #000000;\">Adem\u00e1s, de acuerdo con \u2018GloboEsporte\u2019, en el contrato de Paolo Guerrero con el Flamengo tambi\u00e9n exist\u00eda una cl\u00e1usula que preve\u00eda la suspensi\u00f3n del mismo en casos \u201cdesvinculados de actividades profesionales\u201d.<\/span><\/p>\n<p><span style=\"color: #000000;\">Flamengo se ampara en la ley N 9615, o mejor conocida como \u00abLey Pel\u00e9\u00bb, la cual estipula que \u00abla entidad podr\u00e1 suspender el contrato especial de trabajo deportivo del atleta profesional, quedando dispensado del pago de la remuneraci\u00f3n en ese per\u00edodo, cuando el atleta sea impedido de actuar, por un plazo ininterrumpido superior a 90 d\u00edas, en como consecuencia de un acto o evento de su exclusiva responsabilidad, desvinculado de la actividad profesional, conforme a lo previsto en dicho contrato\u00bb.<\/span><\/p>\n<p><img fetchpriority=\"high\" decoding=\"async\" class=\"aligncenter size-full wp-image-18328\" src=\"http:\/\/elinformanteperu.com\/wp-content\/uploads\/2017\/11\/paolo-guerrero-lima.jpg\" alt=\"\" width=\"1800\" height=\"1200\" srcset=\"https:\/\/elinformanteperu.com\/wp-content\/uploads\/2017\/11\/paolo-guerrero-lima.jpg 1800w, https:\/\/elinformanteperu.com\/wp-content\/uploads\/2017\/11\/paolo-guerrero-lima-300x200.jpg 300w, https:\/\/elinformanteperu.com\/wp-content\/uploads\/2017\/11\/paolo-guerrero-lima-768x512.jpg 768w, https:\/\/elinformanteperu.com\/wp-content\/uploads\/2017\/11\/paolo-guerrero-lima-1024x683.jpg 1024w, https:\/\/elinformanteperu.com\/wp-content\/uploads\/2017\/11\/paolo-guerrero-lima-128x85.jpg 128w, https:\/\/elinformanteperu.com\/wp-content\/uploads\/2017\/11\/paolo-guerrero-lima-32x21.jpg 32w\" sizes=\"(max-width: 1800px) 100vw, 1800px\" \/><\/p>\n","protected":false},"excerpt":{"rendered":"<p>El Flamengo suspendi\u00f3 el contrato de Paolo Guerrero, sancionado por la FIFA por positivo en un control antidopaje, hasta que recupere la condici\u00f3n para jugar. R\u00edo de Janeiro, 14 Enero 2018, (ANDINA).- El Flamengo suspendi\u00f3 el contrato de Paolo Guerrero, sancionado por la FIFA por positivo en un control antidopaje, hasta que recupere la condici\u00f3n [&hellip;]<\/p>\n","protected":false},"author":1,"featured_media":21049,"comment_status":"open","ping_status":"open","sticky":false,"template":"","format":"standard","meta":{"rop_custom_images_group":[],"rop_custom_messages_group":[],"rop_publish_now":"initial","rop_publish_now_accounts":[],"rop_publish_now_history":[],"rop_publish_now_status":"pending","footnotes":""},"categories":[8],"tags":[227,203],"class_list":["post-21048","post","type-post","status-publish","format-standard","has-post-thumbnail","hentry","category-disciplinas-deportivas","tag-flamengo","tag-paolo-guerrero"],"_links":{"self":[{"href":"https:\/\/elinformanteperu.com\/index.php\/wp-json\/wp\/v2\/posts\/21048","targetHints":{"allow":["GET"]}}],"collection":[{"href":"https:\/\/elinformanteperu.com\/index.php\/wp-json\/wp\/v2\/posts"}],"about":[{"href":"https:\/\/elinformanteperu.com\/index.php\/wp-json\/wp\/v2\/types\/post"}],"author":[{"embeddable":true,"href":"https:\/\/elinformanteperu.com\/index.php\/wp-json\/wp\/v2\/users\/1"}],"replies":[{"embeddable":true,"href":"https:\/\/elinformanteperu.com\/index.php\/wp-json\/wp\/v2\/comments?post=21048"}],"version-history":[{"count":1,"href":"https:\/\/elinformanteperu.com\/index.php\/wp-json\/wp\/v2\/posts\/21048\/revisions"}],"predecessor-version":[{"id":21050,"href":"https:\/\/elinformanteperu.com\/index.php\/wp-json\/wp\/v2\/posts\/21048\/revisions\/21050"}],"wp:featuredmedia":[{"embeddable":true,"href":"https:\/\/elinformanteperu.com\/index.php\/wp-json\/wp\/v2\/media\/21049"}],"wp:attachment":[{"href":"https:\/\/elinformanteperu.com\/index.php\/wp-json\/wp\/v2\/media?parent=21048"}],"wp:term":[{"taxonomy":"category","embeddable":true,"href":"https:\/\/elinformanteperu.com\/index.php\/wp-json\/wp\/v2\/categories?post=21048"},{"taxonomy":"post_tag","embeddable":true,"href":"https:\/\/elinformanteperu.com\/index.php\/wp-json\/wp\/v2\/tags?post=21048"}],"curies":[{"name":"wp","href":"https:\/\/api.w.org\/{rel}","templated":true}]}}