{"id":21045,"date":"2018-01-14T21:30:14","date_gmt":"2018-01-15T02:30:14","guid":{"rendered":"http:\/\/elinformanteperu.com\/?p=21045"},"modified":"2018-01-14T21:30:14","modified_gmt":"2018-01-15T02:30:14","slug":"dakar-2018-organizacion-suspende-etapa-9-entre-tupiza-y-salta","status":"publish","type":"post","link":"https:\/\/elinformanteperu.com\/index.php\/2018\/01\/14\/dakar-2018-organizacion-suspende-etapa-9-entre-tupiza-y-salta\/","title":{"rendered":"Dakar 2018: organizaci\u00f3n suspende etapa 9 entre Tupiza y Salta"},"content":{"rendered":"<p><strong><span style=\"color: #000000;\">La organizaci\u00f3n del Dakar cancel\u00f3 la novena etapa del Dakar 2018, que deb\u00eda disputarse este lunes entre Tupiza (Bolivia) y Salta (Argentina).<\/span><\/strong><\/p>\n<p><span style=\"color: #000000;\"><strong>Uyuni, 14 Enero 2018, (ANDINA).-<\/strong> La organizaci\u00f3n del Dakar cancel\u00f3 la novena etapa del Dakar 2018, que deb\u00eda disputarse este lunes entre Tupiza (Bolivia) y Salta (Argentina), con un recorrido de 513 kil\u00f3metros, de los que 242 eran cronometrados.<\/span><\/p>\n<p><span style=\"color: #000000;\">El director deportivo del Dakar, el espa\u00f1ol Marc Coma, explic\u00f3 que el campamento de Tupiza, punto de llegada de la octava etapa que se disputa este domingo desde Uyuni (Bolivia),. \u00abest\u00e1 en malas condiciones\u00bb por las lluvias que han enlodado el campamento de Tupiza y que han aumentado el caudal de los r\u00edos que deb\u00edan atravesarse.<\/span><\/p>\n<p><span style=\"color: #000000;\">\u00abPara nosotros ser\u00eda posible montar ma\u00f1ana una especial a nivel deportivo. Preferimos no arriesgar nada y enviar toda nuestra caravana por carretera hasta Salta y a partir de ah\u00ed continuar la carrera de manera normal\u00bb, explic\u00f3.<\/span><\/p>\n<p><img fetchpriority=\"high\" decoding=\"async\" class=\"aligncenter size-full wp-image-20798\" src=\"http:\/\/elinformanteperu.com\/wp-content\/uploads\/2018\/01\/dakar-juan-carlos-uribe.jpg\" alt=\"\" width=\"1800\" height=\"1200\" srcset=\"https:\/\/elinformanteperu.com\/wp-content\/uploads\/2018\/01\/dakar-juan-carlos-uribe.jpg 1800w, https:\/\/elinformanteperu.com\/wp-content\/uploads\/2018\/01\/dakar-juan-carlos-uribe-300x200.jpg 300w, https:\/\/elinformanteperu.com\/wp-content\/uploads\/2018\/01\/dakar-juan-carlos-uribe-768x512.jpg 768w, https:\/\/elinformanteperu.com\/wp-content\/uploads\/2018\/01\/dakar-juan-carlos-uribe-1024x683.jpg 1024w, https:\/\/elinformanteperu.com\/wp-content\/uploads\/2018\/01\/dakar-juan-carlos-uribe-128x85.jpg 128w, https:\/\/elinformanteperu.com\/wp-content\/uploads\/2018\/01\/dakar-juan-carlos-uribe-32x21.jpg 32w\" sizes=\"(max-width: 1800px) 100vw, 1800px\" \/><\/p>\n","protected":false},"excerpt":{"rendered":"<p>La organizaci\u00f3n del Dakar cancel\u00f3 la novena etapa del Dakar 2018, que deb\u00eda disputarse este lunes entre Tupiza (Bolivia) y Salta (Argentina). Uyuni, 14 Enero 2018, (ANDINA).- La organizaci\u00f3n del Dakar cancel\u00f3 la novena etapa del Dakar 2018, que deb\u00eda disputarse este lunes entre Tupiza (Bolivia) y Salta (Argentina), con un recorrido de 513 kil\u00f3metros, [&hellip;]<\/p>\n","protected":false},"author":1,"featured_media":21046,"comment_status":"open","ping_status":"open","sticky":false,"template":"","format":"standard","meta":{"rop_custom_images_group":[],"rop_custom_messages_group":[],"rop_publish_now":"initial","rop_publish_now_accounts":[],"rop_publish_now_history":[],"rop_publish_now_status":"pending","footnotes":""},"categories":[8],"tags":[1778,1735],"class_list":["post-21045","post","type-post","status-publish","format-standard","has-post-thumbnail","hentry","category-disciplinas-deportivas","tag-dakar-2018","tag-dakar-peru-2018"],"_links":{"self":[{"href":"https:\/\/elinformanteperu.com\/index.php\/wp-json\/wp\/v2\/posts\/21045","targetHints":{"allow":["GET"]}}],"collection":[{"href":"https:\/\/elinformanteperu.com\/index.php\/wp-json\/wp\/v2\/posts"}],"about":[{"href":"https:\/\/elinformanteperu.com\/index.php\/wp-json\/wp\/v2\/types\/post"}],"author":[{"embeddable":true,"href":"https:\/\/elinformanteperu.com\/index.php\/wp-json\/wp\/v2\/users\/1"}],"replies":[{"embeddable":true,"href":"https:\/\/elinformanteperu.com\/index.php\/wp-json\/wp\/v2\/comments?post=21045"}],"version-history":[{"count":1,"href":"https:\/\/elinformanteperu.com\/index.php\/wp-json\/wp\/v2\/posts\/21045\/revisions"}],"predecessor-version":[{"id":21047,"href":"https:\/\/elinformanteperu.com\/index.php\/wp-json\/wp\/v2\/posts\/21045\/revisions\/21047"}],"wp:featuredmedia":[{"embeddable":true,"href":"https:\/\/elinformanteperu.com\/index.php\/wp-json\/wp\/v2\/media\/21046"}],"wp:attachment":[{"href":"https:\/\/elinformanteperu.com\/index.php\/wp-json\/wp\/v2\/media?parent=21045"}],"wp:term":[{"taxonomy":"category","embeddable":true,"href":"https:\/\/elinformanteperu.com\/index.php\/wp-json\/wp\/v2\/categories?post=21045"},{"taxonomy":"post_tag","embeddable":true,"href":"https:\/\/elinformanteperu.com\/index.php\/wp-json\/wp\/v2\/tags?post=21045"}],"curies":[{"name":"wp","href":"https:\/\/api.w.org\/{rel}","templated":true}]}}