{"id":21011,"date":"2018-01-12T00:37:39","date_gmt":"2018-01-12T05:37:39","guid":{"rendered":"http:\/\/elinformanteperu.com\/?p=21011"},"modified":"2018-01-12T00:39:38","modified_gmt":"2018-01-12T05:39:38","slug":"jorge-melendez-juro-ayer-como-nuevo-ministro-de-desarrollo-e-inclusion-social-en-reemplazo-de-fiorella-molinelli-en-el-marco-del-llamado-gabinete-de-la-reconciliacion-sin-embargo","status":"publish","type":"post","link":"https:\/\/elinformanteperu.com\/index.php\/2018\/01\/12\/jorge-melendez-juro-ayer-como-nuevo-ministro-de-desarrollo-e-inclusion-social-en-reemplazo-de-fiorella-molinelli-en-el-marco-del-llamado-gabinete-de-la-reconciliacion-sin-embargo\/","title":{"rendered":"Jorge Mel\u00e9ndez jur\u00f3 como nuevo ministro de Desarrollo e Inclusi\u00f3n Social"},"content":{"rendered":"<p><strong><span style=\"color: #000000;\">El ministro de Desarrollo e Inclusi\u00f3n Social, Jorge Mel\u00e9ndez, se comprometi\u00f3 a velar por el adecuado manejo de los programas sociales, a fin de evitar que estos puedan ser usados con fines pol\u00edticos.<\/span><\/strong><\/p>\n<p><span style=\"color: #000000;\"><strong>Lima, 11 Enero 2018, (ANDINA).-<\/strong> El ministro de Desarrollo e Inclusi\u00f3n Social, Jorge Mel\u00e9ndez, se comprometi\u00f3 a velar por el adecuado manejo de los programas sociales, a fin de evitar que estos puedan ser usados con fines pol\u00edticos, de cara a los comicios regionales y municipales de este a\u00f1o.<\/span><\/p>\n<p><span style=\"color: #000000;\">Sostuvo que todos los programas sociales tendr\u00e1n una orientaci\u00f3n t\u00e9cnica, y adelant\u00f3 que ratificar\u00e1 la directiva del Ministerio de Desarrollo e Inclusi\u00f3n Social (Midis) que proh\u00edbe el uso de recursos del portafolio y dichos programas sociales en actividades pol\u00edticas.<\/span><\/p>\n<p><span style=\"color: #000000;\">\u201cEsta directiva pone un candado para evitar el apoyo a campa\u00f1as pol\u00edticas. Se ha dado esta directiva a nivel regional y municipal, y la vamos a trasladar a nivel nacional para evitar que estos programas, que van a los m\u00e1s pobres del pa\u00eds, se politicen\u201d, declar\u00f3 a la Agencia Andina.<\/span><\/p>\n<p><span style=\"color: #000000;\">Asimismo, Jorge Mel\u00e9ndez calific\u00f3 de irresponsables a quienes critican su reciente designaci\u00f3n solo por ser miembro de Peruanos por el Kambio (PPK), y anunci\u00f3 que solicitar\u00e1 licencia para dejar de manera temporal su cargo de dirigente partidario.<\/span><\/p>\n<p><span style=\"color: #000000;\">El tambi\u00e9n congresista oficialista estim\u00f3 que con ello se dedicar\u00e1 a trabajar desde el Poder Ejecutivo sin generar ning\u00fan tipo de suspicacia en torno a un eventual riesgo de aprovechar pol\u00edtica o electoralmente los programas sociales.<\/span><\/p>\n<p><span style=\"color: #000000;\">\u201cReci\u00e9n he llegado al Midis y ya se est\u00e1 adelantando opini\u00f3n, lo que es bastante irresponsable. Sea o no militante, a uno como ministro le corresponde alejarse de sus responsabilidades partidarias. Ahora formo parte del Gobierno y gobernamos para todo el pa\u00eds\u201d, subray\u00f3.<\/span><\/p>\n<p><span style=\"color: #000000;\">Jorge Mel\u00e9ndez jur\u00f3 ayer como nuevo ministro de Desarrollo e Inclusi\u00f3n Social, en reemplazo de Fiorella Molinelli, en el marco del llamado \u201cgabinete de la reconciliaci\u00f3n\u201d.<\/span><\/p>\n<p><span style=\"color: #000000;\">Sin embargo, ni bien se hizo oficial su nombramiento, algunos parlamentarios criticaron que, en un a\u00f1o electoral, un dirigente de PPK dirija el ministerio que tiene a su cargo los programas sociales, pues ello genera suspicacias en torno a neutralidad de los mismos.<\/span><\/p>\n<p><span style=\"color: #000000;\">El flamante ministro asumir\u00e1 formalmente sus funciones en una ceremonia prevista para las 09:00 horas de este jueves en la sede del Midis.<\/span><\/p>\n","protected":false},"excerpt":{"rendered":"<p>El ministro de Desarrollo e Inclusi\u00f3n Social, Jorge Mel\u00e9ndez, se comprometi\u00f3 a velar por el adecuado manejo de los programas sociales, a fin de evitar que estos puedan ser usados con fines pol\u00edticos. Lima, 11 Enero 2018, (ANDINA).- El ministro de Desarrollo e Inclusi\u00f3n Social, Jorge Mel\u00e9ndez, se comprometi\u00f3 a velar por el adecuado manejo [&hellip;]<\/p>\n","protected":false},"author":1,"featured_media":21012,"comment_status":"open","ping_status":"open","sticky":false,"template":"","format":"standard","meta":{"rop_custom_images_group":[],"rop_custom_messages_group":[],"rop_publish_now":"initial","rop_publish_now_accounts":[],"rop_publish_now_history":[],"rop_publish_now_status":"pending","footnotes":""},"categories":[5],"tags":[2679,153,73],"class_list":["post-21011","post","type-post","status-publish","format-standard","has-post-thumbnail","hentry","category-actualidad-informativa","tag-jorge-melendez","tag-midis","tag-ppk"],"_links":{"self":[{"href":"https:\/\/elinformanteperu.com\/index.php\/wp-json\/wp\/v2\/posts\/21011","targetHints":{"allow":["GET"]}}],"collection":[{"href":"https:\/\/elinformanteperu.com\/index.php\/wp-json\/wp\/v2\/posts"}],"about":[{"href":"https:\/\/elinformanteperu.com\/index.php\/wp-json\/wp\/v2\/types\/post"}],"author":[{"embeddable":true,"href":"https:\/\/elinformanteperu.com\/index.php\/wp-json\/wp\/v2\/users\/1"}],"replies":[{"embeddable":true,"href":"https:\/\/elinformanteperu.com\/index.php\/wp-json\/wp\/v2\/comments?post=21011"}],"version-history":[{"count":2,"href":"https:\/\/elinformanteperu.com\/index.php\/wp-json\/wp\/v2\/posts\/21011\/revisions"}],"predecessor-version":[{"id":21015,"href":"https:\/\/elinformanteperu.com\/index.php\/wp-json\/wp\/v2\/posts\/21011\/revisions\/21015"}],"wp:featuredmedia":[{"embeddable":true,"href":"https:\/\/elinformanteperu.com\/index.php\/wp-json\/wp\/v2\/media\/21012"}],"wp:attachment":[{"href":"https:\/\/elinformanteperu.com\/index.php\/wp-json\/wp\/v2\/media?parent=21011"}],"wp:term":[{"taxonomy":"category","embeddable":true,"href":"https:\/\/elinformanteperu.com\/index.php\/wp-json\/wp\/v2\/categories?post=21011"},{"taxonomy":"post_tag","embeddable":true,"href":"https:\/\/elinformanteperu.com\/index.php\/wp-json\/wp\/v2\/tags?post=21011"}],"curies":[{"name":"wp","href":"https:\/\/api.w.org\/{rel}","templated":true}]}}