{"id":20906,"date":"2018-01-09T20:08:20","date_gmt":"2018-01-10T01:08:20","guid":{"rendered":"http:\/\/elinformanteperu.com\/?p=20906"},"modified":"2018-01-09T20:08:20","modified_gmt":"2018-01-10T01:08:20","slug":"dakar-2018-alexis-hernandez-sube-en-clasificacion-y-ocupa-tercer-lugar","status":"publish","type":"post","link":"https:\/\/elinformanteperu.com\/index.php\/2018\/01\/09\/dakar-2018-alexis-hernandez-sube-en-clasificacion-y-ocupa-tercer-lugar\/","title":{"rendered":"Dakar 2018: Alexis Hern\u00e1ndez sube en clasificaci\u00f3n y ocupa tercer lugar"},"content":{"rendered":"<p><strong><span style=\"color: #000000;\">El cuatrimotista peruano Alexis Hern\u00e1ndez logr\u00f3 un tercer puesto en la cuarta etapa del Rally Dakar 2018, que se corri\u00f3 en su totalidad en San Juan de Marcona.<\/span><\/strong><\/p>\n<p><span style=\"color: #000000;\"><strong>San Juan de Marcona, 09 Enero 2018, (ANDINA).-<\/strong> El cuatrimotista peruano Alexis Hern\u00e1ndez logr\u00f3 un tercer puesto en la cuarta etapa del Rally Dakar 2018, que se corri\u00f3 en su totalidad en San Juan de Marcona, con lo cual se posici\u00f3n en el mismo puesto en la clasificaci\u00f3n general de su categor\u00eda.<\/span><\/p>\n<p><span style=\"color: #000000;\">La etapa la gan\u00f3 el ruso Sergei Kariakin con 4 horas 56 minutos y 34 segundos, en segundo puesto se ubic\u00f3 el chileno Ignacio Casale con 4 horas 57 minutos y 17 segundos, en tanto que Hern\u00e1ndez obtuvo un cronometrado de 5 horas 2 minutos y 5 segundos.<\/span><\/p>\n<p><span style=\"color: #000000;\">En la general el peruano tiene un tiempo total de 13 horas 35 minutos y 43 segundos, superados por el ruso Kariakin (13 horas 26 minutos y 12 segundos), mientras que Casale lleva 13 horas y 42 segundos.<\/span><\/p>\n<p><span style=\"color: #000000;\">Los competidores recorrieron una especial de 330 kil\u00f3metros y un enlace de m\u00e1s de 200 kil\u00f3metros, por las dunas y desiertos del sur del pa\u00eds.<\/span><\/p>\n<p><span style=\"color: #000000;\">El quinto d\u00eda de competencias del Dakar 2018 llegar\u00e1 este mi\u00e9rcoles con el recorrido entre San Juan de Marcona con unos 30 kil\u00f3metros de monta\u00f1as de dunas y un enlace largo hasta Arequipa.<\/span><\/p>\n<p><span style=\"color: #000000;\">Ma\u00f1ana ser\u00e1 un d\u00eda especial, teniendo en cuenta que los corredores conocer\u00e1n el desierto de Tanaka en Arequipa.<\/span><\/p>\n<p><img fetchpriority=\"high\" decoding=\"async\" class=\"aligncenter size-full wp-image-20870\" src=\"http:\/\/elinformanteperu.com\/wp-content\/uploads\/2018\/01\/dakar-lima-marcona.jpg\" alt=\"\" width=\"1800\" height=\"1200\" srcset=\"https:\/\/elinformanteperu.com\/wp-content\/uploads\/2018\/01\/dakar-lima-marcona.jpg 1800w, https:\/\/elinformanteperu.com\/wp-content\/uploads\/2018\/01\/dakar-lima-marcona-300x200.jpg 300w, https:\/\/elinformanteperu.com\/wp-content\/uploads\/2018\/01\/dakar-lima-marcona-768x512.jpg 768w, https:\/\/elinformanteperu.com\/wp-content\/uploads\/2018\/01\/dakar-lima-marcona-1024x683.jpg 1024w, https:\/\/elinformanteperu.com\/wp-content\/uploads\/2018\/01\/dakar-lima-marcona-128x85.jpg 128w, https:\/\/elinformanteperu.com\/wp-content\/uploads\/2018\/01\/dakar-lima-marcona-32x21.jpg 32w\" sizes=\"(max-width: 1800px) 100vw, 1800px\" \/><\/p>\n","protected":false},"excerpt":{"rendered":"<p>El cuatrimotista peruano Alexis Hern\u00e1ndez logr\u00f3 un tercer puesto en la cuarta etapa del Rally Dakar 2018, que se corri\u00f3 en su totalidad en San Juan de Marcona. San Juan de Marcona, 09 Enero 2018, (ANDINA).- El cuatrimotista peruano Alexis Hern\u00e1ndez logr\u00f3 un tercer puesto en la cuarta etapa del Rally Dakar 2018, que se [&hellip;]<\/p>\n","protected":false},"author":1,"featured_media":20907,"comment_status":"open","ping_status":"open","sticky":false,"template":"","format":"standard","meta":{"rop_custom_images_group":[],"rop_custom_messages_group":[],"rop_publish_now":"initial","rop_publish_now_accounts":[],"rop_publish_now_history":[],"rop_publish_now_status":"pending","footnotes":""},"categories":[8],"tags":[2653,1778,1735],"class_list":["post-20906","post","type-post","status-publish","format-standard","has-post-thumbnail","hentry","category-disciplinas-deportivas","tag-alexis-hernandez","tag-dakar-2018","tag-dakar-peru-2018"],"_links":{"self":[{"href":"https:\/\/elinformanteperu.com\/index.php\/wp-json\/wp\/v2\/posts\/20906","targetHints":{"allow":["GET"]}}],"collection":[{"href":"https:\/\/elinformanteperu.com\/index.php\/wp-json\/wp\/v2\/posts"}],"about":[{"href":"https:\/\/elinformanteperu.com\/index.php\/wp-json\/wp\/v2\/types\/post"}],"author":[{"embeddable":true,"href":"https:\/\/elinformanteperu.com\/index.php\/wp-json\/wp\/v2\/users\/1"}],"replies":[{"embeddable":true,"href":"https:\/\/elinformanteperu.com\/index.php\/wp-json\/wp\/v2\/comments?post=20906"}],"version-history":[{"count":1,"href":"https:\/\/elinformanteperu.com\/index.php\/wp-json\/wp\/v2\/posts\/20906\/revisions"}],"predecessor-version":[{"id":20908,"href":"https:\/\/elinformanteperu.com\/index.php\/wp-json\/wp\/v2\/posts\/20906\/revisions\/20908"}],"wp:featuredmedia":[{"embeddable":true,"href":"https:\/\/elinformanteperu.com\/index.php\/wp-json\/wp\/v2\/media\/20907"}],"wp:attachment":[{"href":"https:\/\/elinformanteperu.com\/index.php\/wp-json\/wp\/v2\/media?parent=20906"}],"wp:term":[{"taxonomy":"category","embeddable":true,"href":"https:\/\/elinformanteperu.com\/index.php\/wp-json\/wp\/v2\/categories?post=20906"},{"taxonomy":"post_tag","embeddable":true,"href":"https:\/\/elinformanteperu.com\/index.php\/wp-json\/wp\/v2\/tags?post=20906"}],"curies":[{"name":"wp","href":"https:\/\/api.w.org\/{rel}","templated":true}]}}