{"id":20872,"date":"2018-01-09T01:14:02","date_gmt":"2018-01-09T06:14:02","guid":{"rendered":"http:\/\/elinformanteperu.com\/?p=20872"},"modified":"2018-01-09T01:14:02","modified_gmt":"2018-01-09T06:14:02","slug":"senamhi-radiacion-ultravioleta-sera-extrema-en-lima-pese-a-nubosidad","status":"publish","type":"post","link":"https:\/\/elinformanteperu.com\/index.php\/2018\/01\/09\/senamhi-radiacion-ultravioleta-sera-extrema-en-lima-pese-a-nubosidad\/","title":{"rendered":"Senamhi: radiaci\u00f3n ultravioleta ser\u00e1 extrema en Lima pese a nubosidad"},"content":{"rendered":"<p><strong><span style=\"color: #000000;\">Pese a la capa de nube que cubre el cielo de Lima este verano como consecuencia del Fen\u00f3meno La Ni\u00f1a, el riesgo que representa la radiaci\u00f3n ultravioleta sigue siendo extremo.<\/span><\/strong><\/p>\n<p><span style=\"color: #000000;\"><strong>Lima, 08 Enero 2018, (ANDINA).-<\/strong> Pese a la capa de nube que cubre el cielo de Lima este verano como consecuencia del Fen\u00f3meno La Ni\u00f1a, el riesgo que representa la radiaci\u00f3n ultravioleta sigue siendo extremo, por lo que es necesario mantener las medidas de prevenci\u00f3n para la salud.<\/span><\/p>\n<p><span style=\"color: #000000;\">As\u00ed lo advirti\u00f3 el subdirector de Evaluaci\u00f3n Atmosf\u00e9rica del Senamhi, Jos\u00e9 Silva, quien explic\u00f3 que el colch\u00f3n de nubes que provoca La Ni\u00f1a puede mermar el efecto de la radiaci\u00f3n ultravioleta solo hasta un m\u00e1ximo del 20 %, por lo que el riesgo de afectaci\u00f3n a la salud siempre existe.<\/span><\/p>\n<p><span style=\"color: #000000;\">En di\u00e1logo con la Agencia Andina, dvirti\u00f3 que, con las nubes, lo que disminuye mayormente es la radiaci\u00f3n visible pero que los rayos ultravioleta atraviesan esa capa nubosa.<\/span><\/p>\n<p><span style=\"color: #000000;\">\u00abLos techos de calaminas, los toldos, los techos levantados en los paraderos de transporte frenan la radiaci\u00f3n visible pero no los rayos ultravioleta\u00bb, se\u00f1al\u00f3 el experto al recordar que se considera extrema a la radiaci\u00f3n UV superior al nivel 11.<\/span><\/p>\n<p><span style=\"color: #000000;\">El especialista sostuvo que la radiaci\u00f3n ultravioleta alcanzar\u00e1 su m\u00e1xima intensidad en el mes de febrero con niveles que van desde 9 hasta 13 o 14 y en algunos casos, sobre todo en las zonas andinas, donde puede llegar al nivel 19.<\/span><\/p>\n<p><span style=\"color: #000000;\">Las zonas del pa\u00eds donde existe ese peligro con Arequipa, Huancayo, Cerro de Pasco y Puno, entre otras.<\/span><\/p>\n<p><span style=\"color: #000000;\">\u00abLuego de una lluvia intensa tanto en la zona andina como en la amazonia, viene el cielo despejado y all\u00ed la radiaci\u00f3n incide con toda su intensidad, principalmente hacia el mediod\u00eda\u00bb, indic\u00f3 finalmente.<\/span><\/p>\n","protected":false},"excerpt":{"rendered":"<p>Pese a la capa de nube que cubre el cielo de Lima este verano como consecuencia del Fen\u00f3meno La Ni\u00f1a, el riesgo que representa la radiaci\u00f3n ultravioleta sigue siendo extremo. Lima, 08 Enero 2018, (ANDINA).- Pese a la capa de nube que cubre el cielo de Lima este verano como consecuencia del Fen\u00f3meno La Ni\u00f1a, [&hellip;]<\/p>\n","protected":false},"author":1,"featured_media":20873,"comment_status":"open","ping_status":"open","sticky":false,"template":"","format":"standard","meta":{"rop_custom_images_group":[],"rop_custom_messages_group":[],"rop_publish_now":"initial","rop_publish_now_accounts":[],"rop_publish_now_history":[],"rop_publish_now_status":"pending","footnotes":""},"categories":[10],"tags":[1103,514],"class_list":["post-20872","post","type-post","status-publish","format-standard","has-post-thumbnail","hentry","category-actualidad-municipal","tag-radiacion","tag-senamhi"],"_links":{"self":[{"href":"https:\/\/elinformanteperu.com\/index.php\/wp-json\/wp\/v2\/posts\/20872","targetHints":{"allow":["GET"]}}],"collection":[{"href":"https:\/\/elinformanteperu.com\/index.php\/wp-json\/wp\/v2\/posts"}],"about":[{"href":"https:\/\/elinformanteperu.com\/index.php\/wp-json\/wp\/v2\/types\/post"}],"author":[{"embeddable":true,"href":"https:\/\/elinformanteperu.com\/index.php\/wp-json\/wp\/v2\/users\/1"}],"replies":[{"embeddable":true,"href":"https:\/\/elinformanteperu.com\/index.php\/wp-json\/wp\/v2\/comments?post=20872"}],"version-history":[{"count":1,"href":"https:\/\/elinformanteperu.com\/index.php\/wp-json\/wp\/v2\/posts\/20872\/revisions"}],"predecessor-version":[{"id":20874,"href":"https:\/\/elinformanteperu.com\/index.php\/wp-json\/wp\/v2\/posts\/20872\/revisions\/20874"}],"wp:featuredmedia":[{"embeddable":true,"href":"https:\/\/elinformanteperu.com\/index.php\/wp-json\/wp\/v2\/media\/20873"}],"wp:attachment":[{"href":"https:\/\/elinformanteperu.com\/index.php\/wp-json\/wp\/v2\/media?parent=20872"}],"wp:term":[{"taxonomy":"category","embeddable":true,"href":"https:\/\/elinformanteperu.com\/index.php\/wp-json\/wp\/v2\/categories?post=20872"},{"taxonomy":"post_tag","embeddable":true,"href":"https:\/\/elinformanteperu.com\/index.php\/wp-json\/wp\/v2\/tags?post=20872"}],"curies":[{"name":"wp","href":"https:\/\/api.w.org\/{rel}","templated":true}]}}