{"id":20800,"date":"2018-01-07T23:58:57","date_gmt":"2018-01-08T04:58:57","guid":{"rendered":"http:\/\/elinformanteperu.com\/?p=20800"},"modified":"2018-01-07T23:58:57","modified_gmt":"2018-01-08T04:58:57","slug":"papa-francisco-llego-a-lima-comitiva-del-vaticano-que-velara-por-su-seguridad","status":"publish","type":"post","link":"https:\/\/elinformanteperu.com\/index.php\/2018\/01\/07\/papa-francisco-llego-a-lima-comitiva-del-vaticano-que-velara-por-su-seguridad\/","title":{"rendered":"Papa Francisco: lleg\u00f3 a Lima comitiva del Vaticano que velar\u00e1 por su seguridad"},"content":{"rendered":"<p><strong><span style=\"color: #000000;\">Ocho integrantes de la Guardia Suiza y de la Gendarmer\u00eda Vaticana llegaron a Lima para velar por el orden y la seguridad durante la visita del Papa Francisco al Per\u00fa.<\/span><\/strong><\/p>\n<p><span style=\"color: #000000;\"><strong>Lima, 07 Enero 2018, (ANDINA).-<\/strong> Ocho integrantes de la Guardia Suiza y de la Gendarmer\u00eda Vaticana llegaron a Lima para reunirse con las autoridades responsables de velar por el orden y la seguridad durante la visita del Papa Francisco al Per\u00fa, que se realizar\u00e1 del 18 al 21 de enero al Per\u00fa.<\/span><\/p>\n<p><span style=\"color: #000000;\">La delegaci\u00f3n recorrer\u00e1 los sitios y ciudades donde se desplazar\u00e1 el Sumo Pont\u00edfice. La comitiva iniciar\u00e1 la supervisi\u00f3n en Lima, el lunes 8 viajar\u00e1 a Puerto Maldonado y el martes a Trujillo, ciudades que forman parte del periplo papal.<\/span><\/p>\n<p><span style=\"color: #000000;\">En cada ciudad esta delegaci\u00f3n har\u00e1 la inspecci\u00f3n de las rutas por donde el Santo Padre har\u00e1 sus desplazamientos y de los lugares donde se celebrar\u00e1n las misas multitudinarias y otros actos.<\/span><\/p>\n<p><span style=\"color: #000000;\">A la delegaci\u00f3n se suma una Comisi\u00f3n de Liturgia conformada por nueve integrantes que dispondr\u00e1 las herramientas para organizar las eucarist\u00edas que se oficiar\u00e1n en las tres ciudades.<\/span><\/p>\n<p><span style=\"color: #000000;\">En tanto, la Polic\u00eda Nacional del Per\u00fa contin\u00faa con los ensayos respectivos en los puntos que recorrer\u00e1 su Santidad. Para los distintos recintos se est\u00e1n trabajando anillos de seguridad conformado por efectivos policiales de varias unidades.<\/span><\/p>\n<p><span style=\"color: #000000;\">Este domingo, desde muy temprano, se inici\u00f3 el ensayo en los exteriores de la sede de la Nunciatura Apost\u00f3lica en Jes\u00fas Mar\u00eda y luego se realiz\u00f3 el ensayo de la c\u00e1psula de Seguridad del Estado, en la ruta que recorrer\u00e1 el Papa en el centro de Lima.<\/span><\/p>\n<p><span style=\"color: #000000;\">Los ensayos de la Polic\u00eda Nacional se realizan en d\u00edas no laborales y en horarios que no afectan las actividades de la poblaci\u00f3n.<\/span><\/p>\n<p><span style=\"color: #000000;\">El director general de la Polic\u00eda Nacional, teniente general PNP Richard Zubiate Talledo, inform\u00f3 oportunamente que m\u00e1s de 33,000 agentes del orden cuidar\u00e1n de la seguridad, durante la visita del Pont\u00edfice, en las ciudades de Lima, Trujillo y Puerto Maldonado, en tanto que el patrullaje de las ciudades no se descuidar\u00e1.<\/span><\/p>\n<p><iframe src=\"https:\/\/www.youtube-nocookie.com\/embed\/DB71Hmq3dA0?rel=0&amp;controls=0&amp;showinfo=0\" width=\"560\" height=\"315\" frameborder=\"0\" allowfullscreen=\"allowfullscreen\"><\/iframe><\/p>\n","protected":false},"excerpt":{"rendered":"<p>Ocho integrantes de la Guardia Suiza y de la Gendarmer\u00eda Vaticana llegaron a Lima para velar por el orden y la seguridad durante la visita del Papa Francisco al Per\u00fa. Lima, 07 Enero 2018, (ANDINA).- Ocho integrantes de la Guardia Suiza y de la Gendarmer\u00eda Vaticana llegaron a Lima para reunirse con las autoridades responsables [&hellip;]<\/p>\n","protected":false},"author":1,"featured_media":20801,"comment_status":"open","ping_status":"open","sticky":false,"template":"","format":"standard","meta":{"rop_custom_images_group":[],"rop_custom_messages_group":[],"rop_publish_now":"initial","rop_publish_now_accounts":[],"rop_publish_now_history":[],"rop_publish_now_status":"pending","footnotes":""},"categories":[10],"tags":[1140,2201],"class_list":["post-20800","post","type-post","status-publish","format-standard","has-post-thumbnail","hentry","category-actualidad-municipal","tag-papa-francisco","tag-papa-francisco-en-peru"],"_links":{"self":[{"href":"https:\/\/elinformanteperu.com\/index.php\/wp-json\/wp\/v2\/posts\/20800","targetHints":{"allow":["GET"]}}],"collection":[{"href":"https:\/\/elinformanteperu.com\/index.php\/wp-json\/wp\/v2\/posts"}],"about":[{"href":"https:\/\/elinformanteperu.com\/index.php\/wp-json\/wp\/v2\/types\/post"}],"author":[{"embeddable":true,"href":"https:\/\/elinformanteperu.com\/index.php\/wp-json\/wp\/v2\/users\/1"}],"replies":[{"embeddable":true,"href":"https:\/\/elinformanteperu.com\/index.php\/wp-json\/wp\/v2\/comments?post=20800"}],"version-history":[{"count":1,"href":"https:\/\/elinformanteperu.com\/index.php\/wp-json\/wp\/v2\/posts\/20800\/revisions"}],"predecessor-version":[{"id":20802,"href":"https:\/\/elinformanteperu.com\/index.php\/wp-json\/wp\/v2\/posts\/20800\/revisions\/20802"}],"wp:featuredmedia":[{"embeddable":true,"href":"https:\/\/elinformanteperu.com\/index.php\/wp-json\/wp\/v2\/media\/20801"}],"wp:attachment":[{"href":"https:\/\/elinformanteperu.com\/index.php\/wp-json\/wp\/v2\/media?parent=20800"}],"wp:term":[{"taxonomy":"category","embeddable":true,"href":"https:\/\/elinformanteperu.com\/index.php\/wp-json\/wp\/v2\/categories?post=20800"},{"taxonomy":"post_tag","embeddable":true,"href":"https:\/\/elinformanteperu.com\/index.php\/wp-json\/wp\/v2\/tags?post=20800"}],"curies":[{"name":"wp","href":"https:\/\/api.w.org\/{rel}","templated":true}]}}