{"id":20797,"date":"2018-01-07T23:55:12","date_gmt":"2018-01-08T04:55:12","guid":{"rendered":"http:\/\/elinformanteperu.com\/?p=20797"},"modified":"2018-01-07T23:55:12","modified_gmt":"2018-01-08T04:55:12","slug":"rally-dakar-2018-juan-carlos-uribe-va-primero-en-clasificacion-general-sxs","status":"publish","type":"post","link":"https:\/\/elinformanteperu.com\/index.php\/2018\/01\/07\/rally-dakar-2018-juan-carlos-uribe-va-primero-en-clasificacion-general-sxs\/","title":{"rendered":"Rally Dakar 2018: Juan Carlos Uribe va primero en clasificaci\u00f3n general SxS"},"content":{"rendered":"<p><strong><span style=\"color: #000000;\">El piloto peruano Juan Carlos Uribe alcanz\u00f3 el primer lugar de la clasificaci\u00f3n general de la categor\u00eda SxS del Rally Dakar 2018.<\/span><\/strong><\/p>\n<p><span style=\"color: #000000;\"><strong>Lima, 07 Enero 2018, (ANDINA).-<\/strong> El piloto peruano Juan Carlos Uribe alcanz\u00f3 el primer lugar de la clasificaci\u00f3n general de la categor\u00eda SxS del Rally Dakar 2018, superando a los m\u00e1s importantes representantes de todo el mundo, con un tiempo total 5 horas 17 minutos y 45 segundos.<\/span><\/p>\n<p><span style=\"color: #000000;\">Le sigue en segundo puesto, el brasile\u00f1o Reinaldo Varela con 5 horas 29 minutos y 53 segundos, mientras que el tambi\u00e9n peruano An\u00edbal Aliaga, ocupa el tercer puesto con un tiempo de 5 horas 42 minutos y 50 segundos.<\/span><\/p>\n<p><span style=\"color: #000000;\">El corredor nacional, quien ya tiene experiencia en el Dakar, qued\u00f3 en segundo lugar en la etapa Pisco \u2013 Pisco, donde se recorrieron un total de 267 kil\u00f3metros y con un enlace de 12 kil\u00f3metros.<\/span><\/p>\n<p><span style=\"color: #000000;\">De esta manera, los pilotos peruanos ocupan los puestos de vanguardia de la considerada carrera m\u00e1s dura del mundo.<\/span><\/p>\n<p><span style=\"color: #000000;\">Juan Carlos Uribe, junto a su copiloto Javier Uribe, conducen una Can-Am Maverick X3 Turbo e integran el Team Can-Am Per\u00fa.<\/span><\/p>\n<p><span style=\"color: #000000;\">\u201cEstoy muy feliz de iniciar este Dakar 2018 en una zona donde practico y me siento en casa. Hemos cuidado m\u00e1s la m\u00e1quina y esto ha tra\u00eddo resultados con el objetivo de llegar hasta Argentina\u201d, explic\u00f3 Uribe.<\/span><\/p>\n<p><span style=\"color: #000000;\">Este equipo compiti\u00f3 en el Baja Inka 2016 donde lograron el campeonato, galard\u00f3n que les permiti\u00f3 lograr el Dakar Challenge, d\u00e1ndole pase gratuito a este Dakar 2018.<\/span><\/p>\n<p><img fetchpriority=\"high\" decoding=\"async\" class=\"aligncenter size-full wp-image-15513\" src=\"http:\/\/elinformanteperu.com\/wp-content\/uploads\/2017\/09\/dakar-2017-1.jpeg\" alt=\"\" width=\"620\" height=\"356\" srcset=\"https:\/\/elinformanteperu.com\/wp-content\/uploads\/2017\/09\/dakar-2017-1.jpeg 620w, https:\/\/elinformanteperu.com\/wp-content\/uploads\/2017\/09\/dakar-2017-1-300x172.jpeg 300w, https:\/\/elinformanteperu.com\/wp-content\/uploads\/2017\/09\/dakar-2017-1-128x73.jpeg 128w, https:\/\/elinformanteperu.com\/wp-content\/uploads\/2017\/09\/dakar-2017-1-32x18.jpeg 32w\" sizes=\"(max-width: 620px) 100vw, 620px\" \/><\/p>\n","protected":false},"excerpt":{"rendered":"<p>El piloto peruano Juan Carlos Uribe alcanz\u00f3 el primer lugar de la clasificaci\u00f3n general de la categor\u00eda SxS del Rally Dakar 2018. Lima, 07 Enero 2018, (ANDINA).- El piloto peruano Juan Carlos Uribe alcanz\u00f3 el primer lugar de la clasificaci\u00f3n general de la categor\u00eda SxS del Rally Dakar 2018, superando a los m\u00e1s importantes representantes [&hellip;]<\/p>\n","protected":false},"author":1,"featured_media":20798,"comment_status":"open","ping_status":"open","sticky":false,"template":"","format":"standard","meta":{"rop_custom_images_group":[],"rop_custom_messages_group":[],"rop_publish_now":"initial","rop_publish_now_accounts":[],"rop_publish_now_history":[],"rop_publish_now_status":"pending","footnotes":""},"categories":[8],"tags":[1778,1735,2647],"class_list":["post-20797","post","type-post","status-publish","format-standard","has-post-thumbnail","hentry","category-disciplinas-deportivas","tag-dakar-2018","tag-dakar-peru-2018","tag-juan-carlos-uribe"],"_links":{"self":[{"href":"https:\/\/elinformanteperu.com\/index.php\/wp-json\/wp\/v2\/posts\/20797","targetHints":{"allow":["GET"]}}],"collection":[{"href":"https:\/\/elinformanteperu.com\/index.php\/wp-json\/wp\/v2\/posts"}],"about":[{"href":"https:\/\/elinformanteperu.com\/index.php\/wp-json\/wp\/v2\/types\/post"}],"author":[{"embeddable":true,"href":"https:\/\/elinformanteperu.com\/index.php\/wp-json\/wp\/v2\/users\/1"}],"replies":[{"embeddable":true,"href":"https:\/\/elinformanteperu.com\/index.php\/wp-json\/wp\/v2\/comments?post=20797"}],"version-history":[{"count":1,"href":"https:\/\/elinformanteperu.com\/index.php\/wp-json\/wp\/v2\/posts\/20797\/revisions"}],"predecessor-version":[{"id":20799,"href":"https:\/\/elinformanteperu.com\/index.php\/wp-json\/wp\/v2\/posts\/20797\/revisions\/20799"}],"wp:featuredmedia":[{"embeddable":true,"href":"https:\/\/elinformanteperu.com\/index.php\/wp-json\/wp\/v2\/media\/20798"}],"wp:attachment":[{"href":"https:\/\/elinformanteperu.com\/index.php\/wp-json\/wp\/v2\/media?parent=20797"}],"wp:term":[{"taxonomy":"category","embeddable":true,"href":"https:\/\/elinformanteperu.com\/index.php\/wp-json\/wp\/v2\/categories?post=20797"},{"taxonomy":"post_tag","embeddable":true,"href":"https:\/\/elinformanteperu.com\/index.php\/wp-json\/wp\/v2\/tags?post=20797"}],"curies":[{"name":"wp","href":"https:\/\/api.w.org\/{rel}","templated":true}]}}