{"id":20794,"date":"2018-01-07T23:48:25","date_gmt":"2018-01-08T04:48:25","guid":{"rendered":"http:\/\/elinformanteperu.com\/?p=20794"},"modified":"2018-01-08T01:14:41","modified_gmt":"2018-01-08T06:14:41","slug":"actriz-cate-blanchett-presidira-jurado-del-festival-de-cine-de-cannes","status":"publish","type":"post","link":"https:\/\/elinformanteperu.com\/index.php\/2018\/01\/07\/actriz-cate-blanchett-presidira-jurado-del-festival-de-cine-de-cannes\/","title":{"rendered":"Actriz Cate Blanchett presidir\u00e1 jurado del Festival de Cine de Cannes"},"content":{"rendered":"<p><span style=\"color: #000000;\"><strong>La actriz Cate Blanchett presidir\u00e1 el jurado de la 71 edici\u00f3n del Festival de Cine de Cannes que se celebrar\u00e1 en esa ciudad del sur de Francia del 8 al 19 de mayo.<\/strong><\/span><\/p>\n<p><span style=\"color: #000000;\"><strong>Par\u00eds, 07 Enero 2018, (PL).-<\/strong> La actriz Cate Blanchett presidir\u00e1 el jurado de la 71 edici\u00f3n del Festival de Cine de Cannes que se celebrar\u00e1 en esa ciudad del sur de Francia del 8 al 19 de mayo, inform\u00f3 el comit\u00e9 organizador.<\/span><\/p>\n<p><span style=\"color: #000000;\">De acuerdo con un comunicado, la elecci\u00f3n se basa en el reconocimiento a una artista singular, poseedora de un talento y de convicciones que han marcado su quehacer tanto en el cine como en el teatro.<\/span><\/p>\n<p><span style=\"color: #000000;\">El texto resalt\u00f3 sus enormes cualidades interpretativas mostradas en pel\u00edculas independientes y en grandes producciones, como Babel, de Alejandro Gonz\u00e1lez I\u00f1\u00e1rritu; El curioso caso de Benjamin Button, de David Fincher; y El buen alem\u00e1n, de Steven Soderbergh.<\/span><\/p>\n<p><span style=\"color: #000000;\">Blanchett ha ganado durante sus carrera dos premios Oscar, uno en 2004 por su trabajo en El aviador, de Martin Scorsesse, y otro 2014 por Blue Jasmine, de Woody Allen.<\/span><\/p>\n<p><span style=\"color: #000000;\">El comunicado cita declaraciones de la actriz australiana en las cuales muestra su satisfacci\u00f3n por presidir el jurado de uno de los festivales de cine m\u00e1s prestigiosos en el planeta.<\/span><\/p>\n<p><span style=\"color: #000000;\">&#8216;Cannes juega un rol trascendente en la ambici\u00f3n del mundo de conocerse mejor contando historias, este intento extra\u00f1o y vital que todos los pueblos comparten, comprenden y desean con ardor&#8217;, sostuvo.<\/span><\/p>\n<p><img fetchpriority=\"high\" decoding=\"async\" class=\"aligncenter size-full wp-image-10668\" src=\"http:\/\/elinformanteperu.com\/wp-content\/uploads\/2017\/05\/cannes4.jpg\" alt=\"\" width=\"1200\" height=\"801\" srcset=\"https:\/\/elinformanteperu.com\/wp-content\/uploads\/2017\/05\/cannes4.jpg 1200w, https:\/\/elinformanteperu.com\/wp-content\/uploads\/2017\/05\/cannes4-300x200.jpg 300w, https:\/\/elinformanteperu.com\/wp-content\/uploads\/2017\/05\/cannes4-768x513.jpg 768w, https:\/\/elinformanteperu.com\/wp-content\/uploads\/2017\/05\/cannes4-1024x684.jpg 1024w, https:\/\/elinformanteperu.com\/wp-content\/uploads\/2017\/05\/cannes4-128x85.jpg 128w, https:\/\/elinformanteperu.com\/wp-content\/uploads\/2017\/05\/cannes4-32x21.jpg 32w\" sizes=\"(max-width: 1200px) 100vw, 1200px\" \/><\/p>\n","protected":false},"excerpt":{"rendered":"<p>La actriz Cate Blanchett presidir\u00e1 el jurado de la 71 edici\u00f3n del Festival de Cine de Cannes que se celebrar\u00e1 en esa ciudad del sur de Francia del 8 al 19 de mayo. Par\u00eds, 07 Enero 2018, (PL).- La actriz Cate Blanchett presidir\u00e1 el jurado de la 71 edici\u00f3n del Festival de Cine de Cannes [&hellip;]<\/p>\n","protected":false},"author":1,"featured_media":20795,"comment_status":"open","ping_status":"open","sticky":false,"template":"","format":"standard","meta":{"rop_custom_images_group":[],"rop_custom_messages_group":[],"rop_publish_now":"initial","rop_publish_now_accounts":[],"rop_publish_now_history":[],"rop_publish_now_status":"pending","footnotes":""},"categories":[7],"tags":[2646,239,863],"class_list":["post-20794","post","type-post","status-publish","format-standard","has-post-thumbnail","hentry","category-butaca","tag-cannes-2018","tag-cate-blanchett","tag-festival-de-cine-de-cannes"],"_links":{"self":[{"href":"https:\/\/elinformanteperu.com\/index.php\/wp-json\/wp\/v2\/posts\/20794","targetHints":{"allow":["GET"]}}],"collection":[{"href":"https:\/\/elinformanteperu.com\/index.php\/wp-json\/wp\/v2\/posts"}],"about":[{"href":"https:\/\/elinformanteperu.com\/index.php\/wp-json\/wp\/v2\/types\/post"}],"author":[{"embeddable":true,"href":"https:\/\/elinformanteperu.com\/index.php\/wp-json\/wp\/v2\/users\/1"}],"replies":[{"embeddable":true,"href":"https:\/\/elinformanteperu.com\/index.php\/wp-json\/wp\/v2\/comments?post=20794"}],"version-history":[{"count":2,"href":"https:\/\/elinformanteperu.com\/index.php\/wp-json\/wp\/v2\/posts\/20794\/revisions"}],"predecessor-version":[{"id":20830,"href":"https:\/\/elinformanteperu.com\/index.php\/wp-json\/wp\/v2\/posts\/20794\/revisions\/20830"}],"wp:featuredmedia":[{"embeddable":true,"href":"https:\/\/elinformanteperu.com\/index.php\/wp-json\/wp\/v2\/media\/20795"}],"wp:attachment":[{"href":"https:\/\/elinformanteperu.com\/index.php\/wp-json\/wp\/v2\/media?parent=20794"}],"wp:term":[{"taxonomy":"category","embeddable":true,"href":"https:\/\/elinformanteperu.com\/index.php\/wp-json\/wp\/v2\/categories?post=20794"},{"taxonomy":"post_tag","embeddable":true,"href":"https:\/\/elinformanteperu.com\/index.php\/wp-json\/wp\/v2\/tags?post=20794"}],"curies":[{"name":"wp","href":"https:\/\/api.w.org\/{rel}","templated":true}]}}