{"id":20760,"date":"2018-01-07T10:05:39","date_gmt":"2018-01-07T15:05:39","guid":{"rendered":"http:\/\/elinformanteperu.com\/?p=20760"},"modified":"2018-01-07T10:05:39","modified_gmt":"2018-01-07T15:05:39","slug":"dakar-2018-nicolas-fuchs-ocupo-el-tercer-puesto-en-primera-etapa-del-rally","status":"publish","type":"post","link":"https:\/\/elinformanteperu.com\/index.php\/2018\/01\/07\/dakar-2018-nicolas-fuchs-ocupo-el-tercer-puesto-en-primera-etapa-del-rally\/","title":{"rendered":"Dakar 2018: Nicol\u00e1s Fuchs ocup\u00f3 el tercer puesto en primera etapa del rally"},"content":{"rendered":"<p><strong><span style=\"color: #000000;\">El piloto peruano Nicol\u00e1s Fuchs ocup\u00f3 el tercer lugar en la general de categor\u00eda autos, luego de correrse la primera etapa del Rally Dakar 2018.<\/span><\/strong><\/p>\n<p><span style=\"color: #000000;\"><strong>Pisco, 07 Enero 2018, (ANDINA).-<\/strong> El piloto peruano Nicol\u00e1s Fuchs ocup\u00f3 el tercer lugar en la general de categor\u00eda autos, luego de correrse la primera etapa del Rally Dakar 2018, donde se corrieron un total de 31 kil\u00f3metros en las dunas de la regi\u00f3n Ica.<\/span><\/p>\n<p><span style=\"color: #000000;\">Fuchs, quien estuvo al frente del prototipo BX7DKR Borgward, logr\u00f3 un tiempo de 22 minutos y 25 segundos, superando a varios competidores de talla mundial, y quedando a solo 34 segundos del l\u00edder de la etapa, el catar\u00ed Nasser Al-Attiyah (21 minutos, 51 segundos).<\/span><\/p>\n<p><span style=\"color: #000000;\">La competencia de hoy se desarroll\u00f3 en medio de un ambiente bastante festivo, con la presencia de numeroso p\u00fablico, tanto nacional como extranjero, que presenci\u00f3 una competencia de alto nivel y calidad.<\/span><\/p>\n<p><span style=\"color: #000000;\">Como se recuerda, Fuchs disput\u00f3 por primera vez el Rally Dakar en el a\u00f1o 2017 y termin\u00f3 en la ubicaci\u00f3n 12 de la categor\u00eda de autos.<\/span><\/p>\n<p><span style=\"color: #000000;\">En esta ocasi\u00f3n volver\u00e1 a toparse con competidores de la talla de Stephane Peterhansel y Sebastien Loeb, entre otros.<\/span><\/p>\n<p><span style=\"color: #000000;\">El corredor peruano es una de las principales cartas del grupo de compatriotas que compiten en esta nueva edici\u00f3n del Rally Dakar 2018.<\/span><\/p>\n<p><img fetchpriority=\"high\" decoding=\"async\" class=\"aligncenter size-full wp-image-18838\" src=\"http:\/\/elinformanteperu.com\/wp-content\/uploads\/2017\/11\/dakar-lima-bolivia.jpg\" alt=\"\" width=\"513\" height=\"289\" srcset=\"https:\/\/elinformanteperu.com\/wp-content\/uploads\/2017\/11\/dakar-lima-bolivia.jpg 513w, https:\/\/elinformanteperu.com\/wp-content\/uploads\/2017\/11\/dakar-lima-bolivia-300x169.jpg 300w, https:\/\/elinformanteperu.com\/wp-content\/uploads\/2017\/11\/dakar-lima-bolivia-128x72.jpg 128w, https:\/\/elinformanteperu.com\/wp-content\/uploads\/2017\/11\/dakar-lima-bolivia-32x18.jpg 32w\" sizes=\"(max-width: 513px) 100vw, 513px\" \/><\/p>\n","protected":false},"excerpt":{"rendered":"<p>El piloto peruano Nicol\u00e1s Fuchs ocup\u00f3 el tercer lugar en la general de categor\u00eda autos, luego de correrse la primera etapa del Rally Dakar 2018. Pisco, 07 Enero 2018, (ANDINA).- El piloto peruano Nicol\u00e1s Fuchs ocup\u00f3 el tercer lugar en la general de categor\u00eda autos, luego de correrse la primera etapa del Rally Dakar 2018, [&hellip;]<\/p>\n","protected":false},"author":1,"featured_media":20761,"comment_status":"open","ping_status":"open","sticky":false,"template":"","format":"standard","meta":{"rop_custom_images_group":[],"rop_custom_messages_group":[],"rop_publish_now":"initial","rop_publish_now_accounts":[],"rop_publish_now_history":[],"rop_publish_now_status":"pending","footnotes":""},"categories":[8],"tags":[1778,1735,235],"class_list":["post-20760","post","type-post","status-publish","format-standard","has-post-thumbnail","hentry","category-disciplinas-deportivas","tag-dakar-2018","tag-dakar-peru-2018","tag-nicolas-fuchs"],"_links":{"self":[{"href":"https:\/\/elinformanteperu.com\/index.php\/wp-json\/wp\/v2\/posts\/20760","targetHints":{"allow":["GET"]}}],"collection":[{"href":"https:\/\/elinformanteperu.com\/index.php\/wp-json\/wp\/v2\/posts"}],"about":[{"href":"https:\/\/elinformanteperu.com\/index.php\/wp-json\/wp\/v2\/types\/post"}],"author":[{"embeddable":true,"href":"https:\/\/elinformanteperu.com\/index.php\/wp-json\/wp\/v2\/users\/1"}],"replies":[{"embeddable":true,"href":"https:\/\/elinformanteperu.com\/index.php\/wp-json\/wp\/v2\/comments?post=20760"}],"version-history":[{"count":1,"href":"https:\/\/elinformanteperu.com\/index.php\/wp-json\/wp\/v2\/posts\/20760\/revisions"}],"predecessor-version":[{"id":20762,"href":"https:\/\/elinformanteperu.com\/index.php\/wp-json\/wp\/v2\/posts\/20760\/revisions\/20762"}],"wp:featuredmedia":[{"embeddable":true,"href":"https:\/\/elinformanteperu.com\/index.php\/wp-json\/wp\/v2\/media\/20761"}],"wp:attachment":[{"href":"https:\/\/elinformanteperu.com\/index.php\/wp-json\/wp\/v2\/media?parent=20760"}],"wp:term":[{"taxonomy":"category","embeddable":true,"href":"https:\/\/elinformanteperu.com\/index.php\/wp-json\/wp\/v2\/categories?post=20760"},{"taxonomy":"post_tag","embeddable":true,"href":"https:\/\/elinformanteperu.com\/index.php\/wp-json\/wp\/v2\/tags?post=20760"}],"curies":[{"name":"wp","href":"https:\/\/api.w.org\/{rel}","templated":true}]}}