{"id":20647,"date":"2018-01-04T18:44:21","date_gmt":"2018-01-04T23:44:21","guid":{"rendered":"http:\/\/elinformanteperu.com\/?p=20647"},"modified":"2018-01-04T18:44:21","modified_gmt":"2018-01-04T23:44:21","slug":"papa-francisco-conoce-desde-donde-partiran-los-buses-que-te-llevaran-a-las-palmas","status":"publish","type":"post","link":"https:\/\/elinformanteperu.com\/index.php\/2018\/01\/04\/papa-francisco-conoce-desde-donde-partiran-los-buses-que-te-llevaran-a-las-palmas\/","title":{"rendered":"Papa Francisco: conoce desde d\u00f3nde partir\u00e1n los buses que te llevar\u00e1n a Las Palmas"},"content":{"rendered":"<p><strong><span style=\"color: #000000;\">La Municipalidad de Lima implementar\u00e1 seis rutas para trasladar directamente desde los conos de la capital al p\u00fablico que asistir\u00e1 a la misa del Papa Francisco.<\/span><\/strong><\/p>\n<p><span style=\"color: #000000;\"><strong>Lima, 04 Enero 2018, (ANDINA).-<\/strong> La Municipalidad de Lima implementar\u00e1 seis rutas para trasladar directamente desde los conos de la capital al p\u00fablico que asistir\u00e1 a la misa que el Papa Francisco celebrar\u00e1 en la base a\u00e9rea Las Palmas el domingo 21 de enero pr\u00f3ximo.<\/span><\/p>\n<p><span style=\"color: #000000;\">M\u00e1s de 4,000 buses transportar\u00e1n a los asistentes que partir\u00e1n desde diversos distritos de los conos norte, sur y este de Lima hacia la zona adyacente al escenario de la misa. Se estima que para ese d\u00eda m\u00e1s de un mill\u00f3n 200 mil personas concurrir\u00e1n al acto religioso.<\/span><\/p>\n<p><span style=\"color: #000000;\">Estas unidades ser\u00e1n distribuidas en seis recorridos que podr\u00e1n ser identificados por los usuarios con las letras A, B, C, D, E y F, siendo el costo del pasaje similar al que cobran las rutas convencionales los domingos.<\/span><\/p>\n<p><span style=\"color: #000000;\">As\u00ed, la poblaci\u00f3n que viene de la zona norte podr\u00e1 utilizar la ruta A que partir\u00e1 del \u00f3valo Anc\u00f3n y recorrer\u00e1 toda la Panamericana Norte, V\u00eda de Evitamiento, Panamericana Sur y las avenidas Benavides, Velasco Ateste, y Santiago de Surco.<\/span><\/p>\n<p><span style=\"color: #000000;\">Tambi\u00e9n pueden trasladarse en la ruta B que ir\u00e1 por la Av. Universitaria-Av. Lima- Jr. Bolognesi-Av. Brasil-Av. Del Ej\u00e9rcito-Av. Santa Cruz-Av. Angamos Este-Av. Rep\u00fablica de Panam\u00e1-Av. Ram\u00f3n Castilla y Av. Ayacucho.<\/span><\/p>\n<p><span style=\"color: #000000;\">Los fieles que vienen del cono este viajar\u00e1n en la Ruta C que recorrer\u00e1 la Av. Pr\u00f3ceres de la Independencia-Av. Pir\u00e1mide del Sol-Puente Nuevo-V\u00eda de Evitamiento-Panamericana de Sur-Av. Los \u00c1lamos- Av. Prolong. Vargas Machuca-Av. Alipio Ponce-Av. Guardia Civil-Av. Guardia Peruana- Av. Los Faisanes hasta llegar a la avenida El Sol.<\/span><\/p>\n<p><strong><span style=\"color: #000000;\">Otras rutas de transporte<\/span><\/strong><\/p>\n<p><span style=\"color: #000000;\">Para los que viven en Chosica, Ate, Santa Anita tienen como alternativa de transporte la ruta D que partir\u00e1 de la Carretera Central para seguir por la Av. C\u00e9sar Vallejo-Av. Los \u00c1ngeles- Av. Sim\u00f3n Bol\u00edvar-Carretera Central-Av. Separadora Industrial-Av. La Molina-Av. La Fontana- Av. El Golf-Av. El Polo-Av. La Encalada-Av. Primavera-Av. Velasco Astete- Av. Santiago de Surco.<\/span><\/p>\n<p><span style=\"color: #000000;\">Asimismo, por el sur pueden utilizar la ruta E que recorrer\u00e1 la Av. Lima-Av. Jos\u00e9 Olaya-Av. Mar\u00eda Reiche-Av. Separadora Industrial-Av. Jos\u00e9 Carlos Mari\u00e1tegui-Av. Pastor Sevilla-Av. Mateo Pumacahua-Panamericana Sur hasta llegar al intercambio Vial Atocongo.<\/span><\/p>\n<p><span style=\"color: #000000;\">Finalmente, los fieles que vienen de los balnearios del sur podr\u00e1n trasladarse en la ruta F que partir\u00e1 del kil\u00f3metro 57.5 de la Panamericana Sur- Intercambio Vial Pucusana-Antigua Panamericana Sur \u2013 Intercambio Vial Alipio Ponce- Av. Prolong. Vargas Machuca-Av. Alipio Ponce-Av. Guardia Civil-Av. Guardia Peruana- Av. Los Faisanes-Av. El Sol.<\/span><\/p>\n<p><strong><span style=\"color: #000000;\">Buses especiales<\/span><\/strong><\/p>\n<p><span style=\"color: #000000;\">En tanto, Protransporte habilitar\u00e1 un servicio especial que circular\u00e1 por el per\u00edmetro adyacente a Las Palmas, a fin de conducir a los fieles a cada una de las 17 puertas habilitadas para el ingreso.<\/span><\/p>\n<p><span style=\"color: #000000;\">A las 4 mil unidades, se sumar\u00e1n los buses del Metropolitano, Corredores Complementarios y sus alimentadores, los cuales brindar\u00e1n servicio ese d\u00eda.<\/span><\/p>\n<p><span style=\"color: #000000;\">En tanto, los trenes de la L\u00ednea 1 del Metro de Lima, al igual que los otros medios de transporte, tambi\u00e9n trabajar\u00e1n desde las primeras horas del mismo domingo para transportar a los fieles.<\/span><\/p>\n<p><img fetchpriority=\"high\" decoding=\"async\" class=\"aligncenter size-full wp-image-20649\" src=\"http:\/\/elinformanteperu.com\/wp-content\/uploads\/2018\/01\/papa-rutas-lima.jpg\" alt=\"\" width=\"1800\" height=\"1165\" srcset=\"https:\/\/elinformanteperu.com\/wp-content\/uploads\/2018\/01\/papa-rutas-lima.jpg 1800w, https:\/\/elinformanteperu.com\/wp-content\/uploads\/2018\/01\/papa-rutas-lima-300x194.jpg 300w, https:\/\/elinformanteperu.com\/wp-content\/uploads\/2018\/01\/papa-rutas-lima-768x497.jpg 768w, https:\/\/elinformanteperu.com\/wp-content\/uploads\/2018\/01\/papa-rutas-lima-1024x663.jpg 1024w, https:\/\/elinformanteperu.com\/wp-content\/uploads\/2018\/01\/papa-rutas-lima-128x83.jpg 128w, https:\/\/elinformanteperu.com\/wp-content\/uploads\/2018\/01\/papa-rutas-lima-32x21.jpg 32w\" sizes=\"(max-width: 1800px) 100vw, 1800px\" \/><\/p>\n","protected":false},"excerpt":{"rendered":"<p>La Municipalidad de Lima implementar\u00e1 seis rutas para trasladar directamente desde los conos de la capital al p\u00fablico que asistir\u00e1 a la misa del Papa Francisco. Lima, 04 Enero 2018, (ANDINA).- La Municipalidad de Lima implementar\u00e1 seis rutas para trasladar directamente desde los conos de la capital al p\u00fablico que asistir\u00e1 a la misa que [&hellip;]<\/p>\n","protected":false},"author":1,"featured_media":20648,"comment_status":"open","ping_status":"open","sticky":false,"template":"","format":"standard","meta":{"rop_custom_images_group":[],"rop_custom_messages_group":[],"rop_publish_now":"initial","rop_publish_now_accounts":[],"rop_publish_now_history":[],"rop_publish_now_status":"pending","footnotes":""},"categories":[10],"tags":[122,1140,2201],"class_list":["post-20647","post","type-post","status-publish","format-standard","has-post-thumbnail","hentry","category-actualidad-municipal","tag-municipalidad-de-lima","tag-papa-francisco","tag-papa-francisco-en-peru"],"_links":{"self":[{"href":"https:\/\/elinformanteperu.com\/index.php\/wp-json\/wp\/v2\/posts\/20647","targetHints":{"allow":["GET"]}}],"collection":[{"href":"https:\/\/elinformanteperu.com\/index.php\/wp-json\/wp\/v2\/posts"}],"about":[{"href":"https:\/\/elinformanteperu.com\/index.php\/wp-json\/wp\/v2\/types\/post"}],"author":[{"embeddable":true,"href":"https:\/\/elinformanteperu.com\/index.php\/wp-json\/wp\/v2\/users\/1"}],"replies":[{"embeddable":true,"href":"https:\/\/elinformanteperu.com\/index.php\/wp-json\/wp\/v2\/comments?post=20647"}],"version-history":[{"count":1,"href":"https:\/\/elinformanteperu.com\/index.php\/wp-json\/wp\/v2\/posts\/20647\/revisions"}],"predecessor-version":[{"id":20650,"href":"https:\/\/elinformanteperu.com\/index.php\/wp-json\/wp\/v2\/posts\/20647\/revisions\/20650"}],"wp:featuredmedia":[{"embeddable":true,"href":"https:\/\/elinformanteperu.com\/index.php\/wp-json\/wp\/v2\/media\/20648"}],"wp:attachment":[{"href":"https:\/\/elinformanteperu.com\/index.php\/wp-json\/wp\/v2\/media?parent=20647"}],"wp:term":[{"taxonomy":"category","embeddable":true,"href":"https:\/\/elinformanteperu.com\/index.php\/wp-json\/wp\/v2\/categories?post=20647"},{"taxonomy":"post_tag","embeddable":true,"href":"https:\/\/elinformanteperu.com\/index.php\/wp-json\/wp\/v2\/tags?post=20647"}],"curies":[{"name":"wp","href":"https:\/\/api.w.org\/{rel}","templated":true}]}}