{"id":20609,"date":"2018-01-04T17:51:23","date_gmt":"2018-01-04T22:51:23","guid":{"rendered":"http:\/\/elinformanteperu.com\/?p=20609"},"modified":"2018-01-04T17:51:23","modified_gmt":"2018-01-04T22:51:23","slug":"litigantes-podran-tomar-fotos-al-expediente-judicial-en-la-corte-superior-del-callao","status":"publish","type":"post","link":"https:\/\/elinformanteperu.com\/index.php\/2018\/01\/04\/litigantes-podran-tomar-fotos-al-expediente-judicial-en-la-corte-superior-del-callao\/","title":{"rendered":"Litigantes podr\u00e1n tomar fotos al expediente judicial en la Corte Superior del Callao"},"content":{"rendered":"<p><strong><span style=\"color: #000000;\">Presidente de la Corte, Walter Rios Montalvo, dispuso que los usuarios de justicia pueden tomar nota de la informaci\u00f3n contenida en el expediente judicial.<\/span><\/strong><\/p>\n<p><span style=\"color: #000000;\"><strong>Lima, 03 Enero 2018, (El Informante Per\u00fa).-<\/strong> El Presidente de la Corte Superior de Justicia del Callao, Walter Benigno Rios Montalvo, dispuso que se permita la toma de fotograf\u00edas con el uso de celulares o mecanismos de digitalizaci\u00f3n para facilitar al justiciable y a su abogado defensor la toma de notas de la informaci\u00f3n contenida en el expediente judicial del proceso del cual forma parte.<\/span><\/p>\n<p><span style=\"color: #000000;\">Esta medida, dada por primera vez en el Per\u00fa, acorde al proceso de modernizaci\u00f3n de la justicia, fue aprobada mediante Resoluci\u00f3n Administrativa N\u00b0 872-2017-P-CSJCL\/PJ publicada el 30 de diciembre en el diario oficial El Peruano.<\/span><\/p>\n<p><span style=\"color: #000000;\">Cabe resaltar que en los locales judiciales del pa\u00eds la toma de nota de los expedientes se hace a trav\u00e9s del apunte de informaci\u00f3n por medio del uso del l\u00e1piz y papel; sin embargo, a fin de coadyuvar a una mejor organizaci\u00f3n del sistema judicial, es necesario recurrir a la tecnolog\u00eda de informaci\u00f3n y comunicaci\u00f3n, mejorando as\u00ed la calidad del servicio de justicia y ahorrando tiempo al usuario en este tr\u00e1mite.<\/span><\/p>\n<p><span style=\"color: #000000;\">En los considerandos, sin perjuicio de acudir a jurisprudencia de la Corte Interamericana, la Resoluci\u00f3n Administrativa cita el caso de un abogado litigante que hab\u00eda denunciado la proscripci\u00f3n del uso de aparatos tecnol\u00f3gicos que le posibiliten tomar nota de la informaci\u00f3n relevante contenida en el expediente de su caso.<\/span><\/p>\n<p><span style=\"color: #000000;\">En ese sentido, la Corte Superior del Callao consider\u00f3 necesario expandir el radio de aplicaci\u00f3n del art\u00edculo 138 del C\u00f3digo Procesal Civil, el mismo que en un primer momento, y debido al estado que por aquel entonces ten\u00eda la evoluci\u00f3n tecnol\u00f3gica, solo se refer\u00eda a un mecanismo manual del uso de l\u00e1piz y papel para hacer anotaciones. No obstante, debido a la evoluci\u00f3n del uso de tecnolog\u00eda sofisticada esta puede emplearse para este fin siempre que el interesado sea una de las partes procesales, o el abogado o su representante.<\/span><\/p>\n<p><span style=\"color: #000000;\">Esta medida no acarrear\u00eda mayores costos al Poder Judicial ni para el usuario de justicia, toda vez que el coste de la toma de fotos a trav\u00e9s de tel\u00e9fonos celulares es menor a los recursos invertidos por la administraci\u00f3n p\u00fablica en el fotocopiado y el costo de oportunidad perdido por el litigante.<\/span><\/p>\n<p><img fetchpriority=\"high\" decoding=\"async\" class=\"aligncenter size-full wp-image-20611\" src=\"http:\/\/elinformanteperu.com\/wp-content\/uploads\/2018\/01\/pj-callao-expediente-judicial1.jpg\" alt=\"\" width=\"3456\" height=\"2304\" srcset=\"https:\/\/elinformanteperu.com\/wp-content\/uploads\/2018\/01\/pj-callao-expediente-judicial1.jpg 3456w, https:\/\/elinformanteperu.com\/wp-content\/uploads\/2018\/01\/pj-callao-expediente-judicial1-300x200.jpg 300w, https:\/\/elinformanteperu.com\/wp-content\/uploads\/2018\/01\/pj-callao-expediente-judicial1-768x512.jpg 768w, https:\/\/elinformanteperu.com\/wp-content\/uploads\/2018\/01\/pj-callao-expediente-judicial1-1024x683.jpg 1024w, https:\/\/elinformanteperu.com\/wp-content\/uploads\/2018\/01\/pj-callao-expediente-judicial1-128x85.jpg 128w, https:\/\/elinformanteperu.com\/wp-content\/uploads\/2018\/01\/pj-callao-expediente-judicial1-32x21.jpg 32w\" sizes=\"(max-width: 3456px) 100vw, 3456px\" \/><\/p>\n","protected":false},"excerpt":{"rendered":"<p>Presidente de la Corte, Walter Rios Montalvo, dispuso que los usuarios de justicia pueden tomar nota de la informaci\u00f3n contenida en el expediente judicial. Lima, 03 Enero 2018, (El Informante Per\u00fa).- El Presidente de la Corte Superior de Justicia del Callao, Walter Benigno Rios Montalvo, dispuso que se permita la toma de fotograf\u00edas con el [&hellip;]<\/p>\n","protected":false},"author":1,"featured_media":20610,"comment_status":"open","ping_status":"open","sticky":false,"template":"","format":"standard","meta":{"rop_custom_images_group":[],"rop_custom_messages_group":[],"rop_publish_now":"initial","rop_publish_now_accounts":[],"rop_publish_now_history":[],"rop_publish_now_status":"pending","footnotes":""},"categories":[10],"tags":[487],"class_list":["post-20609","post","type-post","status-publish","format-standard","has-post-thumbnail","hentry","category-actualidad-municipal","tag-poder-judicial-callao"],"_links":{"self":[{"href":"https:\/\/elinformanteperu.com\/index.php\/wp-json\/wp\/v2\/posts\/20609","targetHints":{"allow":["GET"]}}],"collection":[{"href":"https:\/\/elinformanteperu.com\/index.php\/wp-json\/wp\/v2\/posts"}],"about":[{"href":"https:\/\/elinformanteperu.com\/index.php\/wp-json\/wp\/v2\/types\/post"}],"author":[{"embeddable":true,"href":"https:\/\/elinformanteperu.com\/index.php\/wp-json\/wp\/v2\/users\/1"}],"replies":[{"embeddable":true,"href":"https:\/\/elinformanteperu.com\/index.php\/wp-json\/wp\/v2\/comments?post=20609"}],"version-history":[{"count":1,"href":"https:\/\/elinformanteperu.com\/index.php\/wp-json\/wp\/v2\/posts\/20609\/revisions"}],"predecessor-version":[{"id":20612,"href":"https:\/\/elinformanteperu.com\/index.php\/wp-json\/wp\/v2\/posts\/20609\/revisions\/20612"}],"wp:featuredmedia":[{"embeddable":true,"href":"https:\/\/elinformanteperu.com\/index.php\/wp-json\/wp\/v2\/media\/20610"}],"wp:attachment":[{"href":"https:\/\/elinformanteperu.com\/index.php\/wp-json\/wp\/v2\/media?parent=20609"}],"wp:term":[{"taxonomy":"category","embeddable":true,"href":"https:\/\/elinformanteperu.com\/index.php\/wp-json\/wp\/v2\/categories?post=20609"},{"taxonomy":"post_tag","embeddable":true,"href":"https:\/\/elinformanteperu.com\/index.php\/wp-json\/wp\/v2\/tags?post=20609"}],"curies":[{"name":"wp","href":"https:\/\/api.w.org\/{rel}","templated":true}]}}