{"id":20586,"date":"2018-01-02T12:48:56","date_gmt":"2018-01-02T17:48:56","guid":{"rendered":"http:\/\/elinformanteperu.com\/?p=20586"},"modified":"2018-01-02T12:48:56","modified_gmt":"2018-01-02T17:48:56","slug":"comision-vraem-reprograma-citacion-a-ministro-vicente-romero-para-el-10-de-enero","status":"publish","type":"post","link":"https:\/\/elinformanteperu.com\/index.php\/2018\/01\/02\/comision-vraem-reprograma-citacion-a-ministro-vicente-romero-para-el-10-de-enero\/","title":{"rendered":"Comisi\u00f3n Vraem reprograma citaci\u00f3n a ministro Vicente Romero para el 10 de enero"},"content":{"rendered":"<p><strong><span style=\"color: #000000;\">El presidente de la Comisi\u00f3n Especial Multipartidaria a favor de los Valles del Vraem inform\u00f3 que este grupo de trabajo reprogram\u00f3 para el pr\u00f3ximo 10 de enero, la citaci\u00f3n al ministro del Interior, Vicente Romero.<\/span><\/strong><\/p>\n<p><span style=\"color: #000000;\"><strong>Lima, 02 Enero 2018, (ANDINA).-<\/strong> El presidente de la Comisi\u00f3n Especial Multipartidaria a favor de los Valles de los R\u00edos Apur\u00edmac, Ene y Mantaro (Vraem), Joaqu\u00edn Dipas, inform\u00f3 que este grupo de trabajo reprogram\u00f3 para el pr\u00f3ximo 10 de enero, la citaci\u00f3n al ministro del Interior, Vicente Romero.<\/span><\/p>\n<p><span style=\"color: #000000;\">Indic\u00f3 que, en dicha sesi\u00f3n, la \u00faltima de la actual Legislatura, se solicitar\u00e1 informar sobre la ejecuci\u00f3n y cumplimiento de las actividades y presupuestos asignados y ejecutados contenidos en el Plan Anual de Reducci\u00f3n del Espacio Cocalero Ilegal.<\/span><\/p>\n<p><span style=\"color: #000000;\">En tal sentido, se desarrollar\u00e1 la d\u00e9cimo quinta sesi\u00f3n ordinaria de este grupo de trabajo, donde tambi\u00e9n est\u00e1 invitado el jefe del proyecto especial Corah, as\u00ed como la presidenta ejecutiva de la Comisi\u00f3n Nacional para el Desarrollo y Vida sin Drogas (Devida).<\/span><\/p>\n<p><span style=\"color: #000000;\">La citaci\u00f3n estuvo programa para el pr\u00f3ximo mi\u00e9rcoles 3 de enero, pero ante la cercan\u00eda de las fiestas de fin de a\u00f1o, as\u00ed como el receso de las actividades en el Congreso, se dispuso reprogramarla para la siguiente semana.<\/span><\/p>\n<p><span style=\"color: #000000;\">La sesi\u00f3n se desarrollar\u00e1 en la Sala T\u00fapac Amaru y Micaela Bastidas, del edificio V\u00edctor Ra\u00fal Haya de la Torre, desde las 9:00 horas.<\/span><\/p>\n","protected":false},"excerpt":{"rendered":"<p>El presidente de la Comisi\u00f3n Especial Multipartidaria a favor de los Valles del Vraem inform\u00f3 que este grupo de trabajo reprogram\u00f3 para el pr\u00f3ximo 10 de enero, la citaci\u00f3n al ministro del Interior, Vicente Romero. Lima, 02 Enero 2018, (ANDINA).- El presidente de la Comisi\u00f3n Especial Multipartidaria a favor de los Valles de los R\u00edos [&hellip;]<\/p>\n","protected":false},"author":1,"featured_media":14657,"comment_status":"open","ping_status":"open","sticky":false,"template":"","format":"standard","meta":{"rop_custom_images_group":[],"rop_custom_messages_group":[],"rop_publish_now":"initial","rop_publish_now_accounts":[],"rop_publish_now_history":[],"rop_publish_now_status":"pending","footnotes":""},"categories":[5],"tags":[192,280,2614],"class_list":["post-20586","post","type-post","status-publish","format-standard","has-post-thumbnail","hentry","category-actualidad-informativa","tag-congreso","tag-ministerio-del-interior","tag-vicente-romero-fernandez"],"_links":{"self":[{"href":"https:\/\/elinformanteperu.com\/index.php\/wp-json\/wp\/v2\/posts\/20586","targetHints":{"allow":["GET"]}}],"collection":[{"href":"https:\/\/elinformanteperu.com\/index.php\/wp-json\/wp\/v2\/posts"}],"about":[{"href":"https:\/\/elinformanteperu.com\/index.php\/wp-json\/wp\/v2\/types\/post"}],"author":[{"embeddable":true,"href":"https:\/\/elinformanteperu.com\/index.php\/wp-json\/wp\/v2\/users\/1"}],"replies":[{"embeddable":true,"href":"https:\/\/elinformanteperu.com\/index.php\/wp-json\/wp\/v2\/comments?post=20586"}],"version-history":[{"count":1,"href":"https:\/\/elinformanteperu.com\/index.php\/wp-json\/wp\/v2\/posts\/20586\/revisions"}],"predecessor-version":[{"id":20587,"href":"https:\/\/elinformanteperu.com\/index.php\/wp-json\/wp\/v2\/posts\/20586\/revisions\/20587"}],"wp:featuredmedia":[{"embeddable":true,"href":"https:\/\/elinformanteperu.com\/index.php\/wp-json\/wp\/v2\/media\/14657"}],"wp:attachment":[{"href":"https:\/\/elinformanteperu.com\/index.php\/wp-json\/wp\/v2\/media?parent=20586"}],"wp:term":[{"taxonomy":"category","embeddable":true,"href":"https:\/\/elinformanteperu.com\/index.php\/wp-json\/wp\/v2\/categories?post=20586"},{"taxonomy":"post_tag","embeddable":true,"href":"https:\/\/elinformanteperu.com\/index.php\/wp-json\/wp\/v2\/tags?post=20586"}],"curies":[{"name":"wp","href":"https:\/\/api.w.org\/{rel}","templated":true}]}}