{"id":20386,"date":"2017-12-27T14:01:48","date_gmt":"2017-12-27T19:01:48","guid":{"rendered":"http:\/\/elinformanteperu.com\/?p=20386"},"modified":"2017-12-27T14:01:48","modified_gmt":"2017-12-27T19:01:48","slug":"vicente-romero-juro-como-nuevo-ministro-del-interior","status":"publish","type":"post","link":"https:\/\/elinformanteperu.com\/index.php\/2017\/12\/27\/vicente-romero-juro-como-nuevo-ministro-del-interior\/","title":{"rendered":"Vicente Romero jur\u00f3 como nuevo ministro del Interior"},"content":{"rendered":"<p><strong><span style=\"color: #000000;\">El general retirado de la Polic\u00eda Nacional, Vicente Romero Fern\u00e1ndez, jur\u00f3 en el cargo de ministro del Interior, en reemplazo del renunciante Carlos Basombr\u00edo Iglesias.<\/span><\/strong><\/p>\n<p><span style=\"color: #000000;\"><strong>Lima, 27 Diciembre 2017, (ANDINA).-<\/strong> El general retirado de la Polic\u00eda Nacional, Vicente Romero Fern\u00e1ndez, jur\u00f3 esta tarde en el cargo de ministro del Interior, en reemplazo del renunciante Carlos Basombr\u00edo Iglesias.<\/span><\/p>\n<p><span style=\"color: #000000;\">El presidente Pedro Pablo Kuczynski tom\u00f3 juramento al flamante ministro en ceremonia realizada en el Sal\u00f3n Dorado de Palacio de Gobierno.<\/span><\/p>\n<p><span style=\"color: #000000;\">El acto protocolar cont\u00f3 con la asistencia de Basombr\u00edo Iglesias, renunciante titular del Interior; as\u00ed como de el alto mando de la Polic\u00eda Nacional del Per\u00fa.<\/span><\/p>\n<p><span style=\"color: #000000;\">El presidente Kuczynski estuvo acompa\u00f1ado tambi\u00e9n de la presidenta del Consejo de Ministros, Mercedes Ar\u00e1oz, as\u00ed como de integrantes del Gabinete Ministerial.<\/span><\/p>\n<p>https:\/\/www.facebook.com\/agenciandina\/videos\/2032261266800272\/<\/p>\n","protected":false},"excerpt":{"rendered":"<p>El general retirado de la Polic\u00eda Nacional, Vicente Romero Fern\u00e1ndez, jur\u00f3 en el cargo de ministro del Interior, en reemplazo del renunciante Carlos Basombr\u00edo Iglesias. Lima, 27 Diciembre 2017, (ANDINA).- El general retirado de la Polic\u00eda Nacional, Vicente Romero Fern\u00e1ndez, jur\u00f3 esta tarde en el cargo de ministro del Interior, en reemplazo del renunciante Carlos [&hellip;]<\/p>\n","protected":false},"author":1,"featured_media":20387,"comment_status":"open","ping_status":"open","sticky":false,"template":"","format":"standard","meta":{"rop_custom_images_group":[],"rop_custom_messages_group":[],"rop_publish_now":"initial","rop_publish_now_accounts":[],"rop_publish_now_history":[],"rop_publish_now_status":"pending","footnotes":""},"categories":[5],"tags":[212,280,2614],"class_list":["post-20386","post","type-post","status-publish","format-standard","has-post-thumbnail","hentry","category-actualidad-informativa","tag-carlos-basombrio","tag-ministerio-del-interior","tag-vicente-romero-fernandez"],"_links":{"self":[{"href":"https:\/\/elinformanteperu.com\/index.php\/wp-json\/wp\/v2\/posts\/20386","targetHints":{"allow":["GET"]}}],"collection":[{"href":"https:\/\/elinformanteperu.com\/index.php\/wp-json\/wp\/v2\/posts"}],"about":[{"href":"https:\/\/elinformanteperu.com\/index.php\/wp-json\/wp\/v2\/types\/post"}],"author":[{"embeddable":true,"href":"https:\/\/elinformanteperu.com\/index.php\/wp-json\/wp\/v2\/users\/1"}],"replies":[{"embeddable":true,"href":"https:\/\/elinformanteperu.com\/index.php\/wp-json\/wp\/v2\/comments?post=20386"}],"version-history":[{"count":1,"href":"https:\/\/elinformanteperu.com\/index.php\/wp-json\/wp\/v2\/posts\/20386\/revisions"}],"predecessor-version":[{"id":20388,"href":"https:\/\/elinformanteperu.com\/index.php\/wp-json\/wp\/v2\/posts\/20386\/revisions\/20388"}],"wp:featuredmedia":[{"embeddable":true,"href":"https:\/\/elinformanteperu.com\/index.php\/wp-json\/wp\/v2\/media\/20387"}],"wp:attachment":[{"href":"https:\/\/elinformanteperu.com\/index.php\/wp-json\/wp\/v2\/media?parent=20386"}],"wp:term":[{"taxonomy":"category","embeddable":true,"href":"https:\/\/elinformanteperu.com\/index.php\/wp-json\/wp\/v2\/categories?post=20386"},{"taxonomy":"post_tag","embeddable":true,"href":"https:\/\/elinformanteperu.com\/index.php\/wp-json\/wp\/v2\/tags?post=20386"}],"curies":[{"name":"wp","href":"https:\/\/api.w.org\/{rel}","templated":true}]}}