{"id":20383,"date":"2017-12-27T13:59:11","date_gmt":"2017-12-27T18:59:11","guid":{"rendered":"http:\/\/elinformanteperu.com\/?p=20383"},"modified":"2017-12-27T13:59:11","modified_gmt":"2017-12-27T18:59:11","slug":"conoce-el-perfil-de-vicente-romero-nuevo-ministro-del-interior","status":"publish","type":"post","link":"https:\/\/elinformanteperu.com\/index.php\/2017\/12\/27\/conoce-el-perfil-de-vicente-romero-nuevo-ministro-del-interior\/","title":{"rendered":"Conoce el perfil de Vicente Romero, nuevo ministro del Interior"},"content":{"rendered":"<p><strong><span style=\"color: #000000;\">El exdirector de la Polic\u00eda Nacional, Vicente Romero Fern\u00e1ndez, es el nuevo ministro del Interior en reemplazo de Carlos Basombr\u00edo.\u00a0<\/span><\/strong><\/p>\n<p><span style=\"color: #000000;\"><strong>Lima, 27 Diciembre 2017, (ANDINA).-<\/strong> El exdirector de la Polic\u00eda Nacional, Vicente Romero Fern\u00e1ndez, es el nuevo ministro del Interior en reemplazo de Carlos Basombr\u00edo. Conoce el perfil del flamante titular de esta importante cartera del Ejecutivo.<\/span><\/p>\n<p><span style=\"color: #000000;\">Vicente Romero Fern\u00e1ndez, naci\u00f3 el 7 de diciembre de 1955 en el departamento de Cajamarca.<\/span><\/p>\n<p><span style=\"color: #000000;\">Es especialista en orden interno, gesti\u00f3n p\u00fablica y proyectos de inversi\u00f3n. Adem\u00e1s de ser analista de Inteligencia y licenciado en administraci\u00f3n.<\/span><\/p>\n<p><span style=\"color: #000000;\">Durante toda su vida profesional en la instituci\u00f3n policial prest\u00f3 servicios en diferentes unidades policiales, resaltando la que realiz\u00f3 en la Direcci\u00f3n Ejecutiva Antidrogas (Dirandro) en los a\u00f1os 2013 y 2014, donde obtuvo grandes logros en la lucha contra el narcotr\u00e1fico.<\/span><\/p>\n<p><span style=\"color: #000000;\">En agosto del 2015, fue nombrado director general de la Polic\u00eda Nacional del Per\u00fa, hasta setiembre del 2017, cuando fue sucedido por Richard Zubiate.<\/span><\/p>\n<p><span style=\"color: #000000;\">Vicente Romero es un oficial capacitado en cursos especializados en las Fuerzas Armadas Peruanas y en el extranjero, como \u201cContraterrorismo\u201d en la Academia de Polic\u00eda de Lousiana \u2013 Estados Unidos, en la Escuela de Granaderos de Colombia, Curso de Seguridad en China, entre otros.<\/span><\/p>\n","protected":false},"excerpt":{"rendered":"<p>El exdirector de la Polic\u00eda Nacional, Vicente Romero Fern\u00e1ndez, es el nuevo ministro del Interior en reemplazo de Carlos Basombr\u00edo.\u00a0 Lima, 27 Diciembre 2017, (ANDINA).- El exdirector de la Polic\u00eda Nacional, Vicente Romero Fern\u00e1ndez, es el nuevo ministro del Interior en reemplazo de Carlos Basombr\u00edo. Conoce el perfil del flamante titular de esta importante cartera [&hellip;]<\/p>\n","protected":false},"author":1,"featured_media":20384,"comment_status":"open","ping_status":"open","sticky":false,"template":"","format":"standard","meta":{"rop_custom_images_group":[],"rop_custom_messages_group":[],"rop_publish_now":"initial","rop_publish_now_accounts":[],"rop_publish_now_history":[],"rop_publish_now_status":"pending","footnotes":""},"categories":[5],"tags":[212,280,2614],"class_list":["post-20383","post","type-post","status-publish","format-standard","has-post-thumbnail","hentry","category-actualidad-informativa","tag-carlos-basombrio","tag-ministerio-del-interior","tag-vicente-romero-fernandez"],"_links":{"self":[{"href":"https:\/\/elinformanteperu.com\/index.php\/wp-json\/wp\/v2\/posts\/20383","targetHints":{"allow":["GET"]}}],"collection":[{"href":"https:\/\/elinformanteperu.com\/index.php\/wp-json\/wp\/v2\/posts"}],"about":[{"href":"https:\/\/elinformanteperu.com\/index.php\/wp-json\/wp\/v2\/types\/post"}],"author":[{"embeddable":true,"href":"https:\/\/elinformanteperu.com\/index.php\/wp-json\/wp\/v2\/users\/1"}],"replies":[{"embeddable":true,"href":"https:\/\/elinformanteperu.com\/index.php\/wp-json\/wp\/v2\/comments?post=20383"}],"version-history":[{"count":1,"href":"https:\/\/elinformanteperu.com\/index.php\/wp-json\/wp\/v2\/posts\/20383\/revisions"}],"predecessor-version":[{"id":20385,"href":"https:\/\/elinformanteperu.com\/index.php\/wp-json\/wp\/v2\/posts\/20383\/revisions\/20385"}],"wp:featuredmedia":[{"embeddable":true,"href":"https:\/\/elinformanteperu.com\/index.php\/wp-json\/wp\/v2\/media\/20384"}],"wp:attachment":[{"href":"https:\/\/elinformanteperu.com\/index.php\/wp-json\/wp\/v2\/media?parent=20383"}],"wp:term":[{"taxonomy":"category","embeddable":true,"href":"https:\/\/elinformanteperu.com\/index.php\/wp-json\/wp\/v2\/categories?post=20383"},{"taxonomy":"post_tag","embeddable":true,"href":"https:\/\/elinformanteperu.com\/index.php\/wp-json\/wp\/v2\/tags?post=20383"}],"curies":[{"name":"wp","href":"https:\/\/api.w.org\/{rel}","templated":true}]}}