{"id":20377,"date":"2017-12-27T13:51:22","date_gmt":"2017-12-27T18:51:22","guid":{"rendered":"http:\/\/elinformanteperu.com\/?p=20377"},"modified":"2017-12-27T13:51:22","modified_gmt":"2017-12-27T18:51:22","slug":"alberto-fujimori-permanecera-internado-en-clinica","status":"publish","type":"post","link":"https:\/\/elinformanteperu.com\/index.php\/2017\/12\/27\/alberto-fujimori-permanecera-internado-en-clinica\/","title":{"rendered":"Alberto Fujimori permanecer\u00e1 internado en cl\u00ednica"},"content":{"rendered":"<p><strong><span style=\"color: #000000;\">Por recomendaci\u00f3n de los doctores que lo tratan, el expresidente Alberto Fujimori permanecer\u00e1 internado en la cl\u00ednica Centenario hasta su total recuperaci\u00f3n.<\/span><\/strong><\/p>\n<p><span style=\"color: #000000;\"><strong>Lima, 27 Diciembre 2017, (ANDINA).-<\/strong> Por recomendaci\u00f3n de los doctores que lo tratan, el expresidente Alberto Fujimori permanecer\u00e1 internado en la cl\u00ednica Centenario hasta su total recuperaci\u00f3n, confirm\u00f3 su m\u00e9dico, Alejandro Aguinaga.<\/span><\/p>\n<p><span style=\"color: #000000;\">Aguinaga declar\u00f3 a la prensa que los miembros de la junta m\u00e9dica que viene tratando a Fujimori descartaron por el momento el alta para el exgobernante.<\/span><\/p>\n<p><span style=\"color: #000000;\">Seg\u00fan dijo, el d\u00eda de hoy han sido realizadas resonancias a Fujimori para obtener certeza de los males que lo afectan.<\/span><\/p>\n<p><span style=\"color: #000000;\">Indic\u00f3 que una de las resonancias busca descartar una posible isquemia o riesgo de derrame cerebral.<\/span><\/p>\n<p><span style=\"color: #000000;\">Precis\u00f3 que el problema m\u00e1s serio de Fujimori es la fibrilaci\u00f3n auricular intensa, la cual le podr\u00eda ocasionar un paro card\u00edaco.<\/span><\/p>\n<p><span style=\"color: #000000;\">\u201cHa concluido la junta m\u00e9dica y se ha determinado que (Fujimori) contin\u00fae hospitalizado. El alta est\u00e1 completamente descartada, no tenemos fecha perentoria para ella. Se han a\u00f1adido nuevos tratamientos y veremos la respuesta\u201d, indic\u00f3.<\/span><\/p>\n<p><span style=\"color: #000000;\">Indic\u00f3, adem\u00e1s, que las visitas continuar\u00e1n restringidas porque no es conveniente que el paciente hable constantemente, dado su estado delicado de salud.<\/span><\/p>\n<p><span style=\"color: #000000;\">Seg\u00fan Aguinaga, no est\u00e1 definido en qu\u00e9 lugar vivir\u00e1 Fujimori cuando sea dado de alta.<\/span><\/p>\n<p><span style=\"color: #000000;\">No obstante, indic\u00f3 que deber\u00eda vivir cerca de un establecimiento m\u00e9dico cercano ante cualquier eventualidad.<\/span><\/p>\n<p><span style=\"color: #000000;\">Fujimori, de 79 a\u00f1os, cumpl\u00eda pena de 25 a\u00f1os de c\u00e1rcel por cr\u00edmenes contra los derechos humanos y delitos de corrupci\u00f3n, pero el domingo recuper\u00f3 su libertad luego de ser indultado por razones humanitarias por el presidente Pedro Pablo Kuczynski.<\/span><\/p>\n","protected":false},"excerpt":{"rendered":"<p>Por recomendaci\u00f3n de los doctores que lo tratan, el expresidente Alberto Fujimori permanecer\u00e1 internado en la cl\u00ednica Centenario hasta su total recuperaci\u00f3n. Lima, 27 Diciembre 2017, (ANDINA).- Por recomendaci\u00f3n de los doctores que lo tratan, el expresidente Alberto Fujimori permanecer\u00e1 internado en la cl\u00ednica Centenario hasta su total recuperaci\u00f3n, confirm\u00f3 su m\u00e9dico, Alejandro Aguinaga. Aguinaga [&hellip;]<\/p>\n","protected":false},"author":1,"featured_media":20273,"comment_status":"open","ping_status":"open","sticky":false,"template":"","format":"standard","meta":{"rop_custom_images_group":[],"rop_custom_messages_group":[],"rop_publish_now":"initial","rop_publish_now_accounts":[],"rop_publish_now_history":[],"rop_publish_now_status":"pending","footnotes":""},"categories":[5],"tags":[2592],"class_list":["post-20377","post","type-post","status-publish","format-standard","has-post-thumbnail","hentry","category-actualidad-informativa","tag-indulto-a-fujimori"],"_links":{"self":[{"href":"https:\/\/elinformanteperu.com\/index.php\/wp-json\/wp\/v2\/posts\/20377","targetHints":{"allow":["GET"]}}],"collection":[{"href":"https:\/\/elinformanteperu.com\/index.php\/wp-json\/wp\/v2\/posts"}],"about":[{"href":"https:\/\/elinformanteperu.com\/index.php\/wp-json\/wp\/v2\/types\/post"}],"author":[{"embeddable":true,"href":"https:\/\/elinformanteperu.com\/index.php\/wp-json\/wp\/v2\/users\/1"}],"replies":[{"embeddable":true,"href":"https:\/\/elinformanteperu.com\/index.php\/wp-json\/wp\/v2\/comments?post=20377"}],"version-history":[{"count":1,"href":"https:\/\/elinformanteperu.com\/index.php\/wp-json\/wp\/v2\/posts\/20377\/revisions"}],"predecessor-version":[{"id":20378,"href":"https:\/\/elinformanteperu.com\/index.php\/wp-json\/wp\/v2\/posts\/20377\/revisions\/20378"}],"wp:featuredmedia":[{"embeddable":true,"href":"https:\/\/elinformanteperu.com\/index.php\/wp-json\/wp\/v2\/media\/20273"}],"wp:attachment":[{"href":"https:\/\/elinformanteperu.com\/index.php\/wp-json\/wp\/v2\/media?parent=20377"}],"wp:term":[{"taxonomy":"category","embeddable":true,"href":"https:\/\/elinformanteperu.com\/index.php\/wp-json\/wp\/v2\/categories?post=20377"},{"taxonomy":"post_tag","embeddable":true,"href":"https:\/\/elinformanteperu.com\/index.php\/wp-json\/wp\/v2\/tags?post=20377"}],"curies":[{"name":"wp","href":"https:\/\/api.w.org\/{rel}","templated":true}]}}