{"id":20366,"date":"2017-12-27T13:40:39","date_gmt":"2017-12-27T18:40:39","guid":{"rendered":"http:\/\/elinformanteperu.com\/?p=20366"},"modified":"2017-12-27T13:40:39","modified_gmt":"2017-12-27T18:40:39","slug":"fujimori-residira-en-lima-y-descarta-viajar-al-extranjero-aseguran","status":"publish","type":"post","link":"https:\/\/elinformanteperu.com\/index.php\/2017\/12\/27\/fujimori-residira-en-lima-y-descarta-viajar-al-extranjero-aseguran\/","title":{"rendered":"Fujimori residir\u00e1 en Lima y descarta viajar al extranjero, aseguran"},"content":{"rendered":"<p><strong><span style=\"color: #000000;\">El expresidente Alberto Fujimori se quedar\u00e1 en Lima una vez que su salud mejore y ha descartado viajar al extranjero para seguir alg\u00fan tratamiento m\u00e9dico.<\/span><\/strong><\/p>\n<p><span style=\"color: #000000;\"><strong>Lima, 27 Diciembre 2017, (ANDINA).-<\/strong> El expresidente Alberto Fujimori se quedar\u00e1 en Lima una vez que su salud mejore y ha descartado viajar al extranjero para seguir alg\u00fan tratamiento m\u00e9dico, inform\u00f3 el abogado William Paco Castillo.<\/span><\/p>\n<p><span style=\"color: #000000;\">Indic\u00f3 que Fujimori se quedar\u00eda unos d\u00edas m\u00e1s internado en la cl\u00ednica Centenario para superar completamente el cuadro de hipotensi\u00f3n y arritmia que oblig\u00f3 a su internamiento en la Unidad de Cuidados Intensivos.<\/span><\/p>\n<p><span style=\"color: #000000;\">\u201cHemos conversado, \u00e9l tiene propuestas de sus familiares, pero se va a quedar en la ciudad de Lima, es lo que dijo\u201d, indic\u00f3 luego de visitar a Fujimori.<\/span><\/p>\n<p><span style=\"color: #000000;\">Agreg\u00f3 que ahora Fujimori es un hombre libre y puede moverse dentro y fuera de la Rep\u00fablica, por lo que viene evaluando d\u00f3nde establecer\u00e1 su residencia.<\/span><\/p>\n<p><span style=\"color: #000000;\">Respecto a las protestas realizadas en todo el pa\u00eds por el indulto humanitario, indic\u00f3 que el exmandatario se encuentra pesaroso por esta situaci\u00f3n que se vive en el pa\u00eds.<\/span><\/p>\n<p><span style=\"color: #000000;\">Por tal motivo, reiter\u00f3 en la necesidad de ayudar a que exista un verdadero proceso de reconciliaci\u00f3n.<\/span><\/p>\n<p><span style=\"color: #000000;\">Alberto Fujimori est\u00e1 internado en la cl\u00ednica Centenario de Pueblo Libre desde el pasado s\u00e1bado, tras ser trasladado desde el penal Barbadillo, donde cumpl\u00eda una condena a 25 a\u00f1os de prisi\u00f3n. Ah\u00ed recibi\u00f3 el 24 de diciembre un indulto por razones humanitarias.<\/span><\/p>\n","protected":false},"excerpt":{"rendered":"<p>El expresidente Alberto Fujimori se quedar\u00e1 en Lima una vez que su salud mejore y ha descartado viajar al extranjero para seguir alg\u00fan tratamiento m\u00e9dico. Lima, 27 Diciembre 2017, (ANDINA).- El expresidente Alberto Fujimori se quedar\u00e1 en Lima una vez que su salud mejore y ha descartado viajar al extranjero para seguir alg\u00fan tratamiento m\u00e9dico, [&hellip;]<\/p>\n","protected":false},"author":1,"featured_media":20367,"comment_status":"open","ping_status":"open","sticky":false,"template":"","format":"standard","meta":{"rop_custom_images_group":[],"rop_custom_messages_group":[],"rop_publish_now":"initial","rop_publish_now_accounts":[],"rop_publish_now_history":[],"rop_publish_now_status":"pending","footnotes":""},"categories":[5],"tags":[2592,2612],"class_list":["post-20366","post","type-post","status-publish","format-standard","has-post-thumbnail","hentry","category-actualidad-informativa","tag-indulto-a-fujimori","tag-william-paco-castillo"],"_links":{"self":[{"href":"https:\/\/elinformanteperu.com\/index.php\/wp-json\/wp\/v2\/posts\/20366","targetHints":{"allow":["GET"]}}],"collection":[{"href":"https:\/\/elinformanteperu.com\/index.php\/wp-json\/wp\/v2\/posts"}],"about":[{"href":"https:\/\/elinformanteperu.com\/index.php\/wp-json\/wp\/v2\/types\/post"}],"author":[{"embeddable":true,"href":"https:\/\/elinformanteperu.com\/index.php\/wp-json\/wp\/v2\/users\/1"}],"replies":[{"embeddable":true,"href":"https:\/\/elinformanteperu.com\/index.php\/wp-json\/wp\/v2\/comments?post=20366"}],"version-history":[{"count":1,"href":"https:\/\/elinformanteperu.com\/index.php\/wp-json\/wp\/v2\/posts\/20366\/revisions"}],"predecessor-version":[{"id":20368,"href":"https:\/\/elinformanteperu.com\/index.php\/wp-json\/wp\/v2\/posts\/20366\/revisions\/20368"}],"wp:featuredmedia":[{"embeddable":true,"href":"https:\/\/elinformanteperu.com\/index.php\/wp-json\/wp\/v2\/media\/20367"}],"wp:attachment":[{"href":"https:\/\/elinformanteperu.com\/index.php\/wp-json\/wp\/v2\/media?parent=20366"}],"wp:term":[{"taxonomy":"category","embeddable":true,"href":"https:\/\/elinformanteperu.com\/index.php\/wp-json\/wp\/v2\/categories?post=20366"},{"taxonomy":"post_tag","embeddable":true,"href":"https:\/\/elinformanteperu.com\/index.php\/wp-json\/wp\/v2\/tags?post=20366"}],"curies":[{"name":"wp","href":"https:\/\/api.w.org\/{rel}","templated":true}]}}