{"id":20272,"date":"2017-12-26T14:01:38","date_gmt":"2017-12-26T19:01:38","guid":{"rendered":"http:\/\/elinformanteperu.com\/?p=20272"},"modified":"2017-12-26T14:01:38","modified_gmt":"2017-12-26T19:01:38","slug":"alberto-fujimori-pide-perdon-a-quienes-defraudo-en-su-gobierno","status":"publish","type":"post","link":"https:\/\/elinformanteperu.com\/index.php\/2017\/12\/26\/alberto-fujimori-pide-perdon-a-quienes-defraudo-en-su-gobierno\/","title":{"rendered":"Alberto Fujimori pide perd\u00f3n a quienes defraud\u00f3 en su gobierno"},"content":{"rendered":"<p><strong><span style=\"color: #000000;\">El ex mandatario Alberto Fujimori se pronunci\u00f3 por primera vez y pidi\u00f3 perd\u00f3n a quienes defraud\u00f3 durante su gobierno (1990-2000).<\/span><\/strong><\/p>\n<p><span style=\"color: #000000;\"><strong>Lima, 26 Diciembre 2017, (ANDINA).-<\/strong> El ex mandatario Alberto Fujimori se pronunci\u00f3 por primera vez desde que recibi\u00f3 el indulto humanitario que le concedi\u00f3 el presidente de la Rep\u00fablica, Pedro Pablo Kuczynski, y pidi\u00f3 perd\u00f3n a quienes defraud\u00f3 durante su gobierno (1990-2000).<\/span><\/p>\n<p><span style=\"color: #000000;\">Mediante un video publicado en sus redes sociales, grabado en la cl\u00ednica donde contin\u00faa internado, dijo ser consciente de que los resultados de su gobierno fueron bien recibidos \u201cde una parte\u201d, pero a la vez fueron un factor que defraud\u00f3 a otros compatriotas.<\/span><\/p>\n<p><span style=\"color: #000000;\">\u201cA ellos les pido perd\u00f3n de todo coraz\u00f3n\u201d, expres\u00f3 el l\u00edder hist\u00f3rico del fujimorismo, quien confes\u00f3 haber recibido la noticia de su indulto en la Unidad de Cuidados Intensivos de la cl\u00ednica Centenario, de Pueblo Libre, donde se recupera de problemas de salud.<\/span><\/p>\n<p><span style=\"color: #000000;\">Seg\u00fan indic\u00f3, conocer acerca del indulto concedido a su favor le produjo no solo sorpresa, sino tambi\u00e9n un fuerte impacto, en el que se mezclan sentimientos de \u201cextrema alegr\u00eda y, al mismo tiempo, de pesares\u201d.<\/span><\/p>\n<p><span style=\"color: #000000;\">En ese sentido, Alberto Fujimori agradeci\u00f3 al Jefe del Estado por el \u201cgesto magn\u00e1nimo\u201d de haberlo indultado, y expres\u00f3 su apoyo decidido al llamado a la reconciliaci\u00f3n hecho por Pedro Pablo Kuczynski.<\/span><\/p>\n<p><span style=\"color: #000000;\">\u201cNo puedo dejar de expresar mi profunda gratitud por el paso complejo que ha dado el Presidente, que me compromete en esta nueva etapa que se abre en mi vida para apoyar, decididamente, su llamado a la reconciliaci\u00f3n\u201d, manifest\u00f3 el exgobernante.<\/span><\/p>\n<p><span style=\"color: #000000;\">Finalmente, Alberto Fujimori afirm\u00f3 su voluntad de sumarse a las esperanzas \u201cde todos los que luchan por la grandeza del pa\u00eds\u201d, pues \u201cel Per\u00fa est\u00e1 primero\u201d.<\/span><\/p>\n<p><span style=\"color: #000000;\">Pedro Pablo Kuczynski, en uso de sus atribuciones constitucionales, decidi\u00f3 conceder el indulto humanitario a Alberto Fujimori, as\u00ed como a otras siete personas en similar condici\u00f3n, lo cual fue dado a conocer el domingo \u00faltimo.<\/span><\/p>\n<p><span style=\"color: #000000;\">El anuncio de este indulto se hizo mediante un comunicado oficial, emitido por la Secretar\u00eda de Prensa de la Presidencia de la Rep\u00fablica.<\/span><\/p>\n<p><span style=\"color: #000000;\">\u201cEl Presidente de la Rep\u00fablica, en uso de las atribuciones que le confiere la Constituci\u00f3n Pol\u00edtica del Per\u00fa para tales fines, ha decidido conceder el indulto humanitario al se\u00f1or Alberto Fujimori y a otras siete personas\u201d, se\u00f1al\u00f3 el documento.<\/span><\/p>\n<p>https:\/\/www.facebook.com\/AlbertoFujimoriF\/videos\/1856110717793334\/<\/p>\n","protected":false},"excerpt":{"rendered":"<p>El ex mandatario Alberto Fujimori se pronunci\u00f3 por primera vez y pidi\u00f3 perd\u00f3n a quienes defraud\u00f3 durante su gobierno (1990-2000). Lima, 26 Diciembre 2017, (ANDINA).- El ex mandatario Alberto Fujimori se pronunci\u00f3 por primera vez desde que recibi\u00f3 el indulto humanitario que le concedi\u00f3 el presidente de la Rep\u00fablica, Pedro Pablo Kuczynski, y pidi\u00f3 perd\u00f3n [&hellip;]<\/p>\n","protected":false},"author":1,"featured_media":20273,"comment_status":"open","ping_status":"open","sticky":false,"template":"","format":"standard","meta":{"rop_custom_images_group":[],"rop_custom_messages_group":[],"rop_publish_now":"initial","rop_publish_now_accounts":[],"rop_publish_now_history":[],"rop_publish_now_status":"pending","footnotes":""},"categories":[5],"tags":[343,2592],"class_list":["post-20272","post","type-post","status-publish","format-standard","has-post-thumbnail","hentry","category-actualidad-informativa","tag-alberto-fujimori","tag-indulto-a-fujimori"],"_links":{"self":[{"href":"https:\/\/elinformanteperu.com\/index.php\/wp-json\/wp\/v2\/posts\/20272","targetHints":{"allow":["GET"]}}],"collection":[{"href":"https:\/\/elinformanteperu.com\/index.php\/wp-json\/wp\/v2\/posts"}],"about":[{"href":"https:\/\/elinformanteperu.com\/index.php\/wp-json\/wp\/v2\/types\/post"}],"author":[{"embeddable":true,"href":"https:\/\/elinformanteperu.com\/index.php\/wp-json\/wp\/v2\/users\/1"}],"replies":[{"embeddable":true,"href":"https:\/\/elinformanteperu.com\/index.php\/wp-json\/wp\/v2\/comments?post=20272"}],"version-history":[{"count":1,"href":"https:\/\/elinformanteperu.com\/index.php\/wp-json\/wp\/v2\/posts\/20272\/revisions"}],"predecessor-version":[{"id":20274,"href":"https:\/\/elinformanteperu.com\/index.php\/wp-json\/wp\/v2\/posts\/20272\/revisions\/20274"}],"wp:featuredmedia":[{"embeddable":true,"href":"https:\/\/elinformanteperu.com\/index.php\/wp-json\/wp\/v2\/media\/20273"}],"wp:attachment":[{"href":"https:\/\/elinformanteperu.com\/index.php\/wp-json\/wp\/v2\/media?parent=20272"}],"wp:term":[{"taxonomy":"category","embeddable":true,"href":"https:\/\/elinformanteperu.com\/index.php\/wp-json\/wp\/v2\/categories?post=20272"},{"taxonomy":"post_tag","embeddable":true,"href":"https:\/\/elinformanteperu.com\/index.php\/wp-json\/wp\/v2\/tags?post=20272"}],"curies":[{"name":"wp","href":"https:\/\/api.w.org\/{rel}","templated":true}]}}