{"id":20258,"date":"2017-12-26T13:26:41","date_gmt":"2017-12-26T18:26:41","guid":{"rendered":"http:\/\/elinformanteperu.com\/?p=20258"},"modified":"2017-12-26T13:26:41","modified_gmt":"2017-12-26T18:26:41","slug":"alberto-fujimori-debio-pedir-perdon-a-deudos-de-la-cantuta-y-barrios-altos","status":"publish","type":"post","link":"https:\/\/elinformanteperu.com\/index.php\/2017\/12\/26\/alberto-fujimori-debio-pedir-perdon-a-deudos-de-la-cantuta-y-barrios-altos\/","title":{"rendered":"Alberto Fujimori debi\u00f3 pedir perd\u00f3n a deudos de La Cantuta y Barrios Altos"},"content":{"rendered":"<p><strong><span style=\"color: #000000;\">El expresidente Alberto Fujimori, indultado el domingo por el mandatario Pedro Pablo Kuczynski, debe pedir perd\u00f3n a las v\u00edctimas de Barrios Altos, La Cantuta.<\/span><\/strong><\/p>\n<p><span style=\"color: #000000;\"><strong>Lima, 26 Diciembre 2017, (ANDINA).-<\/strong> El expresidente Alberto Fujimori, indultado el domingo por el mandatario Pedro Pablo Kuczynski, debe pedir perd\u00f3n a las v\u00edctimas de Barrios Altos, La Cantuta y otros cr\u00edmenes cometidos en su gobierno, consider\u00f3 la legisladora de Nuevo Per\u00fa, Marisa Glave.<\/span><\/p>\n<p><span style=\"color: #000000;\">Al comentar el mensaje en video compartido por el exmandatario en redes sociales, en el que pidi\u00f3 perd\u00f3n a quienes defraud\u00f3 en su gobierno, la congresista de izquierda critic\u00f3 que Alberto Fujimori no se disculpara directamente con los deudos de las personas asesinadas en los a\u00f1os 90.<\/span><\/p>\n<p><span style=\"color: #000000;\">\u201cNo se ha referido a las v\u00edctimas (\u2026). El se\u00f1or Fujimori no tiene que pedirles perd\u00f3n a quienes defraud\u00f3 por su gobierno (\u2026). Cuando un criminal es sentenciado, tiene que pedirles perd\u00f3n a las v\u00edctimas, directamente\u201d, manifest\u00f3 la integrante de Nuevo Per\u00fa, en Canal N.<\/span><\/p>\n<p><span style=\"color: #000000;\">Como se recuerda, la matanza de Barrios Altos fue perpetrada en 1991 por el destacamento militar Grupo Colina, en el Cercado de Lima, dejando fallecidas a 15 personas, incluyendo un ni\u00f1o de ocho a\u00f1os.<\/span><\/p>\n<p><span style=\"color: #000000;\">En tanto, la masacre de La Cantuta tuvo lugar el 18 de julio de 1992, cuando un profesor y nueve estudiantes de la Universidad Nacional de Educaci\u00f3n Enrique Guzm\u00e1n y Valle (La Cantuta) fueron secuestrados y desaparecidos tambi\u00e9n a manos del Grupo Colina.<\/span><\/p>\n<p><span style=\"color: #000000;\">Marisa Glave se\u00f1al\u00f3 que la decisi\u00f3n de indultar al exmandatario, condenado por delitos de secuestro y asesinato, ha causado indignaci\u00f3n y la protesta de la ciudadan\u00eda que considera su liberaci\u00f3n como una falta de respeto a la memoria de los ca\u00eddos en ambas matanzas.<\/span><\/p>\n<p><span style=\"color: #000000;\">Tras mencionar que muchos peruanos llevan m\u00e1s de 20 a\u00f1os esperando a sus familiares desaparecidos durante el r\u00e9gimen fujimorista (1990-2000), la legisladora remarc\u00f3 que en ese gobierno no se cometieron solo errores o excesos, sino delitos graves, como asesinatos.<\/span><\/p>\n<p><span style=\"color: #000000;\">Pedro Pablo Kuczynski, en uso de sus atribuciones constitucionales, decidi\u00f3 conceder el indulto humanitario a Alberto Fujimori, as\u00ed como a otras siete personas en similar condici\u00f3n, lo cual fue dado a conocer el domingo \u00faltimo.<\/span><\/p>\n<p><span style=\"color: #000000;\">El anuncio de este indulto se hizo mediante un comunicado oficial, emitido por la Secretar\u00eda de Prensa de la Presidencia de la Rep\u00fablica.<\/span><\/p>\n<p><span style=\"color: #000000;\">\u201cEl Presidente de la Rep\u00fablica, en uso de las atribuciones que le confiere la Constituci\u00f3n Pol\u00edtica del Per\u00fa para tales fines, ha decidido conceder el indulto humanitario al se\u00f1or Alberto Fujimori y a otras siete personas\u201d, se\u00f1al\u00f3 el documento.<\/span><\/p>\n","protected":false},"excerpt":{"rendered":"<p>El expresidente Alberto Fujimori, indultado el domingo por el mandatario Pedro Pablo Kuczynski, debe pedir perd\u00f3n a las v\u00edctimas de Barrios Altos, La Cantuta. Lima, 26 Diciembre 2017, (ANDINA).- El expresidente Alberto Fujimori, indultado el domingo por el mandatario Pedro Pablo Kuczynski, debe pedir perd\u00f3n a las v\u00edctimas de Barrios Altos, La Cantuta y otros [&hellip;]<\/p>\n","protected":false},"author":1,"featured_media":20259,"comment_status":"open","ping_status":"open","sticky":false,"template":"","format":"standard","meta":{"rop_custom_images_group":[],"rop_custom_messages_group":[],"rop_publish_now":"initial","rop_publish_now_accounts":[],"rop_publish_now_history":[],"rop_publish_now_status":"pending","footnotes":""},"categories":[5],"tags":[2592,157,74],"class_list":["post-20258","post","type-post","status-publish","format-standard","has-post-thumbnail","hentry","category-actualidad-informativa","tag-indulto-a-fujimori","tag-marissa-glave","tag-pedro-pablo-kuczynski"],"_links":{"self":[{"href":"https:\/\/elinformanteperu.com\/index.php\/wp-json\/wp\/v2\/posts\/20258","targetHints":{"allow":["GET"]}}],"collection":[{"href":"https:\/\/elinformanteperu.com\/index.php\/wp-json\/wp\/v2\/posts"}],"about":[{"href":"https:\/\/elinformanteperu.com\/index.php\/wp-json\/wp\/v2\/types\/post"}],"author":[{"embeddable":true,"href":"https:\/\/elinformanteperu.com\/index.php\/wp-json\/wp\/v2\/users\/1"}],"replies":[{"embeddable":true,"href":"https:\/\/elinformanteperu.com\/index.php\/wp-json\/wp\/v2\/comments?post=20258"}],"version-history":[{"count":1,"href":"https:\/\/elinformanteperu.com\/index.php\/wp-json\/wp\/v2\/posts\/20258\/revisions"}],"predecessor-version":[{"id":20260,"href":"https:\/\/elinformanteperu.com\/index.php\/wp-json\/wp\/v2\/posts\/20258\/revisions\/20260"}],"wp:featuredmedia":[{"embeddable":true,"href":"https:\/\/elinformanteperu.com\/index.php\/wp-json\/wp\/v2\/media\/20259"}],"wp:attachment":[{"href":"https:\/\/elinformanteperu.com\/index.php\/wp-json\/wp\/v2\/media?parent=20258"}],"wp:term":[{"taxonomy":"category","embeddable":true,"href":"https:\/\/elinformanteperu.com\/index.php\/wp-json\/wp\/v2\/categories?post=20258"},{"taxonomy":"post_tag","embeddable":true,"href":"https:\/\/elinformanteperu.com\/index.php\/wp-json\/wp\/v2\/tags?post=20258"}],"curies":[{"name":"wp","href":"https:\/\/api.w.org\/{rel}","templated":true}]}}