{"id":20255,"date":"2017-12-26T13:20:31","date_gmt":"2017-12-26T18:20:31","guid":{"rendered":"http:\/\/elinformanteperu.com\/?p=20255"},"modified":"2017-12-26T13:20:31","modified_gmt":"2017-12-26T18:20:31","slug":"alberto-fujimori-pasa-a-unidad-de-cuidados-intermedios","status":"publish","type":"post","link":"https:\/\/elinformanteperu.com\/index.php\/2017\/12\/26\/alberto-fujimori-pasa-a-unidad-de-cuidados-intermedios\/","title":{"rendered":"Alberto Fujimori pasa a Unidad de Cuidados Intermedios"},"content":{"rendered":"<p><strong><span style=\"color: #000000;\">El expresidente Alberto Fujimori fue trasladado esta ma\u00f1ana a la Unidad de Cuidados Intermedios de la cl\u00ednica donde se encuentra internado.<\/span><\/strong><\/p>\n<p><span style=\"color: #000000;\"><strong>Lima, 26 Diciembre 2017, (ANDINA).-<\/strong> El expresidente Alberto Fujimori fue trasladado esta ma\u00f1ana a la Unidad de Cuidados Intermedios de la cl\u00ednica donde se encuentra internado, inform\u00f3 su m\u00e9dico de cabecera, Alejandro Aguinaga.<\/span><\/p>\n<p><span style=\"color: #000000;\">Precis\u00f3 que Fujimori se encuentra todav\u00eda deca\u00eddo y en proceso de descartar de una posible embolia cerebral.<\/span><\/p>\n<p><span style=\"color: #000000;\">\u201cLas tomograf\u00edas no han revelado eso, est\u00e1 en evoluci\u00f3n. El problema grave que tiene hasta ahora es fibrilaci\u00f3n auricular, es un cuadro agudo de consecuencias muy graves\u201d, asever\u00f3.<\/span><\/p>\n<p><span style=\"color: #000000;\">Aguinaga visit\u00f3 esta ma\u00f1ana a Alberto Fujimori en la cl\u00ednica de Pueblo Libre, donde se encuentra internado desde el pasado s\u00e1bado, tras ser trasladado desde el penal Barbadillo, donde cumpl\u00eda una condena a 25 a\u00f1os de prisi\u00f3n. Ah\u00ed recibi\u00f3 el 24 de diciembre un indulto por razones humanitarias.<\/span><\/p>\n<p><span style=\"color: #000000;\">El exparlamentario fujimorista defendi\u00f3 la participaci\u00f3n del onc\u00f3logo Juan Postigo, m\u00e9dico de Alberto Fujimori, en la junta m\u00e9dica que recomend\u00f3 su indulto. Indic\u00f3 que se trata de uno de los mejores profesionales del pa\u00eds, que conoce las dolencias del expresidente.<\/span><\/p>\n<p><span style=\"color: #000000;\">\u201cCada quien interpreta la historia a su manera. Es muy osado criticar al doctor Postigo, m\u00e9dico en ejercicio, el m\u00e1s importante en cirujano onc\u00f3logo de cabeza y cuello que ejerce y que trabaja en el Instituto Nacional de Enfermedades neoplasicas\u201d, sostuvo.<\/span><\/p>\n<p><span style=\"color: #000000;\">Aguinaga destac\u00f3 tambi\u00e9n que el perd\u00f3n que pidi\u00f3 esta ma\u00f1ana Alberto Fujimori a quienes defraud\u00f3 durante su gobierno. \u201cQueremos que el Per\u00fa este reconciliado\u201d, dijo.<\/span><\/p>\n<p><span style=\"color: #000000;\">Precis\u00f3 que a\u00fan no se ha conversado sobre d\u00f3nde ir\u00e1 Alberto Fujimori una vez que sea dado de alta en la cl\u00ednica donde se atiende.<\/span><\/p>\n","protected":false},"excerpt":{"rendered":"<p>El expresidente Alberto Fujimori fue trasladado esta ma\u00f1ana a la Unidad de Cuidados Intermedios de la cl\u00ednica donde se encuentra internado. Lima, 26 Diciembre 2017, (ANDINA).- El expresidente Alberto Fujimori fue trasladado esta ma\u00f1ana a la Unidad de Cuidados Intermedios de la cl\u00ednica donde se encuentra internado, inform\u00f3 su m\u00e9dico de cabecera, Alejandro Aguinaga. Precis\u00f3 [&hellip;]<\/p>\n","protected":false},"author":1,"featured_media":20256,"comment_status":"open","ping_status":"open","sticky":false,"template":"","format":"standard","meta":{"rop_custom_images_group":[],"rop_custom_messages_group":[],"rop_publish_now":"initial","rop_publish_now_accounts":[],"rop_publish_now_history":[],"rop_publish_now_status":"pending","footnotes":""},"categories":[5],"tags":[343,1964,2592],"class_list":["post-20255","post","type-post","status-publish","format-standard","has-post-thumbnail","hentry","category-actualidad-informativa","tag-alberto-fujimori","tag-alejandro-aguinaga","tag-indulto-a-fujimori"],"_links":{"self":[{"href":"https:\/\/elinformanteperu.com\/index.php\/wp-json\/wp\/v2\/posts\/20255","targetHints":{"allow":["GET"]}}],"collection":[{"href":"https:\/\/elinformanteperu.com\/index.php\/wp-json\/wp\/v2\/posts"}],"about":[{"href":"https:\/\/elinformanteperu.com\/index.php\/wp-json\/wp\/v2\/types\/post"}],"author":[{"embeddable":true,"href":"https:\/\/elinformanteperu.com\/index.php\/wp-json\/wp\/v2\/users\/1"}],"replies":[{"embeddable":true,"href":"https:\/\/elinformanteperu.com\/index.php\/wp-json\/wp\/v2\/comments?post=20255"}],"version-history":[{"count":1,"href":"https:\/\/elinformanteperu.com\/index.php\/wp-json\/wp\/v2\/posts\/20255\/revisions"}],"predecessor-version":[{"id":20257,"href":"https:\/\/elinformanteperu.com\/index.php\/wp-json\/wp\/v2\/posts\/20255\/revisions\/20257"}],"wp:featuredmedia":[{"embeddable":true,"href":"https:\/\/elinformanteperu.com\/index.php\/wp-json\/wp\/v2\/media\/20256"}],"wp:attachment":[{"href":"https:\/\/elinformanteperu.com\/index.php\/wp-json\/wp\/v2\/media?parent=20255"}],"wp:term":[{"taxonomy":"category","embeddable":true,"href":"https:\/\/elinformanteperu.com\/index.php\/wp-json\/wp\/v2\/categories?post=20255"},{"taxonomy":"post_tag","embeddable":true,"href":"https:\/\/elinformanteperu.com\/index.php\/wp-json\/wp\/v2\/tags?post=20255"}],"curies":[{"name":"wp","href":"https:\/\/api.w.org\/{rel}","templated":true}]}}