{"id":20252,"date":"2017-12-26T13:18:02","date_gmt":"2017-12-26T18:18:02","guid":{"rendered":"http:\/\/elinformanteperu.com\/?p=20252"},"modified":"2017-12-26T13:18:02","modified_gmt":"2017-12-26T18:18:02","slug":"indulto-a-alberto-fujimori-tenia-que-darse-tarde-o-temprano-dice-sheput","status":"publish","type":"post","link":"https:\/\/elinformanteperu.com\/index.php\/2017\/12\/26\/indulto-a-alberto-fujimori-tenia-que-darse-tarde-o-temprano-dice-sheput\/","title":{"rendered":"Indulto a Alberto Fujimori ten\u00eda que darse \u00abtarde o temprano\u00bb, dice Sheput"},"content":{"rendered":"<p><strong><span style=\"color: #000000;\">El indulto a Alberto Fujimori ten\u00eda que darse \u201ctarde o temprano\u00bb, sostuvo el vocero alterno de Peruanos por el Kambio (PPK), Juan Sheput.<\/span><\/strong><\/p>\n<p><span style=\"color: #000000;\"><strong>Lima, 26 Diciembre 2017, (ANDINA).-<\/strong> El indulto a Alberto Fujimori ten\u00eda que darse \u201ctarde o temprano\u00bb, sostuvo el vocero alterno de Peruanos por el Kambio (PPK), Juan Sheput, quien detall\u00f3 que esa decisi\u00f3n no debe sorprender, pues siempre estuvo presente como una posibilidad.<\/span><\/p>\n<p><span style=\"color: #000000;\">Detall\u00f3 que indultar a Alberto Fujimori fue un tema que Peruanos por el Kambio (PPK) abord\u00f3 no solo en la campa\u00f1a electoral de 2016, sino tambi\u00e9n desde que empez\u00f3 el actual gobierno, e incluso en algunas reuniones de la bancada oficialista.<\/span><\/p>\n<p><span style=\"color: #000000;\">\u201cNo es un tema que haya surgido de la noche a la ma\u00f1ana, siempre estuvo presente y no debe ser una sorpresa para nadie. Inclusive yo en campa\u00f1a defend\u00eda la posibilidad del cambio de r\u00e9gimen carcelario al r\u00e9gimen domiciliario\u201d, expres\u00f3 el legislador en di\u00e1logo con RPP.<\/span><\/p>\n<p><span style=\"color: #000000;\">En ese sentido, Juan Sheput asever\u00f3 que la principal causa para el indulto a Alberto Fujimori fue el deterioro de su salud, por lo que la decisi\u00f3n de concederle ese beneficio es absolutamente v\u00e1lida, constitucional y se ajusta al debido proceso.<\/span><\/p>\n<p><span style=\"color: #000000;\">Con relaci\u00f3n a la anunciada renuncia de tres congresistas de la bancada a PPK, tras conocerse el indulto, el congresista coment\u00f3 que es una decisi\u00f3n lamentable para el oficialismo, pero a la vez respetable, y corresponde ahora ver c\u00f3mo se recompone el grupo parlamentario.<\/span><\/p>\n<p><span style=\"color: #000000;\">\u201cLo que corresponde es acomodarnos a esa nueva situaci\u00f3n, dejar de mirar hacia atr\u00e1s, entender que el presidente est\u00e1 pensando en la unidad de la naci\u00f3n, acabar con una serie de enfrentamientos, y con los \u2018antis\u2019 (\u2026). Nunca el que gobierna va a dejar contentos a todos\u201d, remarc\u00f3.<\/span><\/p>\n<p><span style=\"color: #000000;\">Juan Sheput, asimismo, vio con benepl\u00e1cito que Alberto Fujimori haya pedido perd\u00f3n a quienes defraud\u00f3 durante su gobierno, porque -dijo- es necesario colaborar con el proceso de unidad nacional, con miras al tercer siglo de vida republicana del Per\u00fa, a partir del a\u00f1o 2021.<\/span><\/p>\n<p><span style=\"color: #000000;\">Pedro Pablo Kuczynski, en uso de sus atribuciones constitucionales, decidi\u00f3 conceder el indulto humanitario a Alberto Fujimori, as\u00ed como a otras siete personas en similar condici\u00f3n, lo cual fue dado a conocer el domingo \u00faltimo.<\/span><\/p>\n<p><span style=\"color: #000000;\">El anuncio de este indulto se hizo mediante un comunicado oficial, emitido por la Secretar\u00eda de Prensa de la Presidencia de la Rep\u00fablica.<\/span><\/p>\n<p><span style=\"color: #000000;\">\u201cEl Presidente de la Rep\u00fablica, en uso de las atribuciones que le confiere la Constituci\u00f3n Pol\u00edtica del Per\u00fa para tales fines, ha decidido conceder el indulto humanitario al se\u00f1or Alberto Fujimori y a otras siete personas\u201d, se\u00f1al\u00f3 el documento.<\/span><\/p>\n","protected":false},"excerpt":{"rendered":"<p>El indulto a Alberto Fujimori ten\u00eda que darse \u201ctarde o temprano\u00bb, sostuvo el vocero alterno de Peruanos por el Kambio (PPK), Juan Sheput. Lima, 26 Diciembre 2017, (ANDINA).- El indulto a Alberto Fujimori ten\u00eda que darse \u201ctarde o temprano\u00bb, sostuvo el vocero alterno de Peruanos por el Kambio (PPK), Juan Sheput, quien detall\u00f3 que esa [&hellip;]<\/p>\n","protected":false},"author":1,"featured_media":20253,"comment_status":"open","ping_status":"open","sticky":false,"template":"","format":"standard","meta":{"rop_custom_images_group":[],"rop_custom_messages_group":[],"rop_publish_now":"initial","rop_publish_now_accounts":[],"rop_publish_now_history":[],"rop_publish_now_status":"pending","footnotes":""},"categories":[5],"tags":[2592,180,165,73],"class_list":["post-20252","post","type-post","status-publish","format-standard","has-post-thumbnail","hentry","category-actualidad-informativa","tag-indulto-a-fujimori","tag-juan-sheput","tag-peruanos-por-el-kambio","tag-ppk"],"_links":{"self":[{"href":"https:\/\/elinformanteperu.com\/index.php\/wp-json\/wp\/v2\/posts\/20252","targetHints":{"allow":["GET"]}}],"collection":[{"href":"https:\/\/elinformanteperu.com\/index.php\/wp-json\/wp\/v2\/posts"}],"about":[{"href":"https:\/\/elinformanteperu.com\/index.php\/wp-json\/wp\/v2\/types\/post"}],"author":[{"embeddable":true,"href":"https:\/\/elinformanteperu.com\/index.php\/wp-json\/wp\/v2\/users\/1"}],"replies":[{"embeddable":true,"href":"https:\/\/elinformanteperu.com\/index.php\/wp-json\/wp\/v2\/comments?post=20252"}],"version-history":[{"count":1,"href":"https:\/\/elinformanteperu.com\/index.php\/wp-json\/wp\/v2\/posts\/20252\/revisions"}],"predecessor-version":[{"id":20254,"href":"https:\/\/elinformanteperu.com\/index.php\/wp-json\/wp\/v2\/posts\/20252\/revisions\/20254"}],"wp:featuredmedia":[{"embeddable":true,"href":"https:\/\/elinformanteperu.com\/index.php\/wp-json\/wp\/v2\/media\/20253"}],"wp:attachment":[{"href":"https:\/\/elinformanteperu.com\/index.php\/wp-json\/wp\/v2\/media?parent=20252"}],"wp:term":[{"taxonomy":"category","embeddable":true,"href":"https:\/\/elinformanteperu.com\/index.php\/wp-json\/wp\/v2\/categories?post=20252"},{"taxonomy":"post_tag","embeddable":true,"href":"https:\/\/elinformanteperu.com\/index.php\/wp-json\/wp\/v2\/tags?post=20252"}],"curies":[{"name":"wp","href":"https:\/\/api.w.org\/{rel}","templated":true}]}}