{"id":20248,"date":"2017-12-26T13:13:08","date_gmt":"2017-12-26T18:13:08","guid":{"rendered":"http:\/\/elinformanteperu.com\/?p=20248"},"modified":"2017-12-26T13:13:52","modified_gmt":"2017-12-26T18:13:52","slug":"el-13-y-14-de-abril-seran-dias-no-laborales-por-viii-cumbre-de-las-americas","status":"publish","type":"post","link":"https:\/\/elinformanteperu.com\/index.php\/2017\/12\/26\/el-13-y-14-de-abril-seran-dias-no-laborales-por-viii-cumbre-de-las-americas\/","title":{"rendered":"El 13 y 14 de abril ser\u00e1n d\u00edas no laborales por VIII Cumbre de las Am\u00e9ricas"},"content":{"rendered":"<p><strong><span style=\"color: #000000;\">El Ministerio de Trabajo declar\u00f3 los d\u00edas viernes 13 y s\u00e1bado 14 de abril del 2018 como no laborables en Lima y Callao para el sector p\u00fablico y privado.<\/span><\/strong><\/p>\n<p><span style=\"color: #000000;\"><strong>Lima, 26 Diciembre 2017, (El Informante Per\u00fa).- <\/strong>El Ministerio de Trabajo declar\u00f3 los d\u00edas viernes 13 y s\u00e1bado 14 de abril del 2018 como no laborables en Lima y Callao para los trabajadores de los sectores p\u00fablico y privado, por la realizaci\u00f3n de la VIII Cumbre de las Am\u00e9ricas, programada para esas fechas.<\/span><\/p>\n<p><span style=\"color: #000000;\">El Decreto Supremo N 022-2017-TR, publicado hoy en el diario El Peruano, aclara que, en el sector p\u00fablico, las horas dejadas de laborar durante los d\u00edas declarados no laborables, ser\u00e1n compensadas en los quince d\u00edas inmediatos posteriores, o en la oportunidad que establezca el titular de cada entidad p\u00fablica, en funci\u00f3n a las necesidades de la entidad.<\/span><\/p>\n<p><span style=\"color: #000000;\">En tanto, en el sector privado, mediante acuerdo entre el empleador y sus trabajadores, se establecer\u00e1 la forma como se har\u00e1 efectiva la recuperaci\u00f3n de las horas dejadas de laborar; a falta de acuerdo, decidir\u00e1 el empleador.<\/span><\/p>\n<p><span style=\"color: #000000;\">La recuperaci\u00f3n de horas se sujeta a par\u00e1metros de razonabilidad y no afecta el descanso semanal obligatorio del trabajador. En ning\u00fan caso, el tiempo de trabajo que comprende la recuperaci\u00f3n de horas podr\u00e1 ser mayor al periodo dejado de laborar.<\/span><\/p>\n<p><span style=\"color: #000000;\">Los titulares de las entidades del sector p\u00fablico adoptar\u00e1n las medidas necesarias para garantizar a la comunidad, durante los d\u00edas no laborables establecidos en el presente Decreto Supremo, la provisi\u00f3n de aquellos servicios que resultan indispensables.<\/span><\/p>\n<p><span style=\"color: #000000;\">Las entidades y empresas del sector privado que prestan servicios sanitarios y de salubridad, limpieza y saneamiento, electricidad, agua, desag\u00fce, gas y combustible, est\u00e1n facultadas para determinar los puestos de trabajo excluidos de los d\u00edas no laborables y los trabajadores respectivos que continuar\u00e1n laborando, a fin de garantizar los servicios a la comunidad.<\/span><\/p>\n<p><span style=\"color: #000000;\">Asimismo, aquellos que prestan servicios de sepelios, comunicaciones y telecomunicaciones, transporte, puertos, aeropuertos, seguridad, custodia y traslado de valores y expendio de v\u00edveres y alimentos, hoteles y establecimientos de hospedaje que reciban y presten servicio a hu\u00e9spedes.<\/span><\/p>\n<p><span style=\"color: #000000;\">Est\u00e1n exceptuadas de los d\u00edas no laborables declarados en el presente Decreto Supremo aquellas labores indispensables, en todo tipo de empresa, cuya paralizaci\u00f3n ponga en peligro a las personas, la seguridad o conservaci\u00f3n de los bienes o impida la reanudaci\u00f3n inmediata de la actividad ordinaria de la empresa.<\/span><\/p>\n<p><span style=\"color: #000000;\">La presente norma est\u00e1 refrendada por el presidente Pedro Pablo Kuczynski; la primer ministra Mercedes Ar\u00e1oz; as\u00ed como por los ministros de Relaciones Exteriores, Ricardo Luna y de Trabajo, Alfonso Grados.<\/span><\/p>\n","protected":false},"excerpt":{"rendered":"<p>El Ministerio de Trabajo declar\u00f3 los d\u00edas viernes 13 y s\u00e1bado 14 de abril del 2018 como no laborables en Lima y Callao para el sector p\u00fablico y privado. Lima, 26 Diciembre 2017, (El Informante Per\u00fa).- El Ministerio de Trabajo declar\u00f3 los d\u00edas viernes 13 y s\u00e1bado 14 de abril del 2018 como no laborables [&hellip;]<\/p>\n","protected":false},"author":1,"featured_media":20249,"comment_status":"open","ping_status":"open","sticky":false,"template":"","format":"standard","meta":{"rop_custom_images_group":[],"rop_custom_messages_group":[],"rop_publish_now":"initial","rop_publish_now_accounts":[],"rop_publish_now_history":[],"rop_publish_now_status":"pending","footnotes":""},"categories":[5],"tags":[1421,2598],"class_list":["post-20248","post","type-post","status-publish","format-standard","has-post-thumbnail","hentry","category-actualidad-informativa","tag-poder-ejecutivo","tag-viii-cumbre-de-las-americas"],"_links":{"self":[{"href":"https:\/\/elinformanteperu.com\/index.php\/wp-json\/wp\/v2\/posts\/20248","targetHints":{"allow":["GET"]}}],"collection":[{"href":"https:\/\/elinformanteperu.com\/index.php\/wp-json\/wp\/v2\/posts"}],"about":[{"href":"https:\/\/elinformanteperu.com\/index.php\/wp-json\/wp\/v2\/types\/post"}],"author":[{"embeddable":true,"href":"https:\/\/elinformanteperu.com\/index.php\/wp-json\/wp\/v2\/users\/1"}],"replies":[{"embeddable":true,"href":"https:\/\/elinformanteperu.com\/index.php\/wp-json\/wp\/v2\/comments?post=20248"}],"version-history":[{"count":2,"href":"https:\/\/elinformanteperu.com\/index.php\/wp-json\/wp\/v2\/posts\/20248\/revisions"}],"predecessor-version":[{"id":20251,"href":"https:\/\/elinformanteperu.com\/index.php\/wp-json\/wp\/v2\/posts\/20248\/revisions\/20251"}],"wp:featuredmedia":[{"embeddable":true,"href":"https:\/\/elinformanteperu.com\/index.php\/wp-json\/wp\/v2\/media\/20249"}],"wp:attachment":[{"href":"https:\/\/elinformanteperu.com\/index.php\/wp-json\/wp\/v2\/media?parent=20248"}],"wp:term":[{"taxonomy":"category","embeddable":true,"href":"https:\/\/elinformanteperu.com\/index.php\/wp-json\/wp\/v2\/categories?post=20248"},{"taxonomy":"post_tag","embeddable":true,"href":"https:\/\/elinformanteperu.com\/index.php\/wp-json\/wp\/v2\/tags?post=20248"}],"curies":[{"name":"wp","href":"https:\/\/api.w.org\/{rel}","templated":true}]}}