{"id":20245,"date":"2017-12-26T13:06:03","date_gmt":"2017-12-26T18:06:03","guid":{"rendered":"http:\/\/elinformanteperu.com\/?p=20245"},"modified":"2017-12-26T13:07:58","modified_gmt":"2017-12-26T18:07:58","slug":"kuczynski-indulto-a-alberto-fujimori-se-basa-en-razones-humanitarias","status":"publish","type":"post","link":"https:\/\/elinformanteperu.com\/index.php\/2017\/12\/26\/kuczynski-indulto-a-alberto-fujimori-se-basa-en-razones-humanitarias\/","title":{"rendered":"Kuczynski: Indulto a Alberto Fujimori se basa en razones humanitarias"},"content":{"rendered":"<p><strong><span style=\"color: #000000;\">El presidente de la Rep\u00fablica, Pedro Pablo Kuczynski, se\u00f1al\u00f3 que otorg\u00f3 el indulto al expresidente Alberto Fujimori por razones humanitarias.<\/span><\/strong><\/p>\n<p><span style=\"color: #000000;\"><strong>Lima, 25 Diciembre 2017, (ANDINA).-<\/strong> El jefe de Estado, Pedro Pablo Kuczynski, se\u00f1al\u00f3 que de acuerdo a la prerrogativa que le otorga la Constituci\u00f3n, otorg\u00f3 el indulto al expresidente Alberto Fujimori por razones humanitarias.<\/span><\/p>\n<p><span style=\"color: #000000;\">\u201cEstoy convencido que quienes nos sentimos dem\u00f3cratas no debemos permitir que Alberto Fujimori muera en prisi\u00f3n, porque la justicia no es venganza\u201d, asever\u00f3 el mandatario.<\/span><\/p>\n<p><span style=\"color: #000000;\">En un Mensaje a la Naci\u00f3n, explic\u00f3 que todo indulto es, por esencia, controversial y que su decisi\u00f3n ha sido \u00abcompleja y dif\u00edcil\u00bb.<\/span><\/p>\n<p><span style=\"color: #000000;\">\u201cEsta ha sido quiz\u00e1s la decisi\u00f3n m\u00e1s dif\u00edcil de mi vida. Se trata de la salud y las posibilidades de vida de un expresidente del Per\u00fa que habiendo cometido excesos y errores grav\u00edsimos fue sentenciado y ha cumplido ya doce a\u00f1os de condena\u201d, agreg\u00f3.<\/span><\/p>\n<p><span style=\"color: #000000;\">Kuczynski manifest\u00f3 que \u201clas heridas abiertas solo podr\u00e1n cicatrizarse a partir de un esfuerzo reconciliador y de una voluntad de la que todos debemos formar parte. Tenemos que persistir, persistir y persistir para llevar nuestro Per\u00fa a un bicentenario fraterno de paz y prosperidad\u201d.<\/span><\/p>\n<p><span style=\"color: #000000;\">El mandatario se dirigi\u00f3 a los j\u00f3venes a quien les invoc\u00f3 pasar esta p\u00e1gina, y no dejarse llevar por las emociones negativas que pueden paralizar el desarrollo de nuestro pa\u00eds.<\/span><\/p>\n<p><span style=\"color: #000000;\">\u201cLes que las emociones negativas heredadas del pasado no limiten los objetivos que tenemos que alcanzar para terminar de vencer la pobreza que todav\u00eda aqueja a tantos de nuestros hermanos. No nos dejemos llevar por el odio, no paralicemos nuestro pa\u00eds, pasemos esta p\u00e1gina y trabajemos juntos por nuestro futuro, que es j\u00f3venes del Per\u00fa, su futuro\u201d, precis\u00f3.<\/span><\/p>\n<p><span style=\"color: #000000;\">Reiter\u00f3 que su decisi\u00f3n en beneficio de Fujimori estuvo amparada en las funciones que la Constituci\u00f3n le otorga y \u201cse asienta en razones humanitarias\u201d y en lo que considera mejor para el futuro de nuestro pa\u00eds, \u201cpara el futuro de nuestros hijos\u201d.<\/span><\/p>\n<p><span style=\"color: #000000;\">Kuczynski coment\u00f3 que como candidato en la \u00faltima campa\u00f1a presidencial propuso una ley que hiciera posible el arresto domiciliario para personas de su condici\u00f3n, pero el Parlamento no recogi\u00f3 esta propuesta.<\/span><\/p>\n<p><span style=\"color: #000000;\">Desde entonces, como primer mandatario, sigui\u00f3 con preocupaci\u00f3n el deterioro gradual en el estado de salud de Alberto Fujimori, quien se encontraba detenido y sancionado justamente desde hace doce a\u00f1os por la justicia peruana.<\/span><\/p>\n<p><span style=\"color: #000000;\">\u201cA todos nos es evidente que su gobierno, que hered\u00f3 al inicio de la d\u00e9cada de los a\u00f1os 90 un pa\u00eds sumido en una crisis violenta ca\u00f3tica, incurri\u00f3 en transgresiones significativas a la ley, al respeto por la democracia y los derechos humanos. Pero tambi\u00e9n creo que su gobierno contribuy\u00f3 al progreso nacional\u201d, remarc\u00f3.<\/span><\/p>\n<p><span style=\"color: #000000;\">Kuczynski dijo que suscribe este mensaje \u201ccomo testimonio de mi decisi\u00f3n, una de conciencia, la cual someto respetuosamente ante el tribunal de la historia\u201d.<\/span><\/p>\n<p><span style=\"color: #000000;\">Finalmente, agradeci\u00f3 a todos por escucharlo, y envi\u00f3 un abrazo por Navidad.<\/span><\/p>\n<p>https:\/\/www.facebook.com\/ppkoficial\/videos\/1764890633523884\/<\/p>\n","protected":false},"excerpt":{"rendered":"<p>El presidente de la Rep\u00fablica, Pedro Pablo Kuczynski, se\u00f1al\u00f3 que otorg\u00f3 el indulto al expresidente Alberto Fujimori por razones humanitarias. Lima, 25 Diciembre 2017, (ANDINA).- El jefe de Estado, Pedro Pablo Kuczynski, se\u00f1al\u00f3 que de acuerdo a la prerrogativa que le otorga la Constituci\u00f3n, otorg\u00f3 el indulto al expresidente Alberto Fujimori por razones humanitarias. \u201cEstoy [&hellip;]<\/p>\n","protected":false},"author":1,"featured_media":20113,"comment_status":"open","ping_status":"open","sticky":false,"template":"","format":"standard","meta":{"rop_custom_images_group":[],"rop_custom_messages_group":[],"rop_publish_now":"initial","rop_publish_now_accounts":[],"rop_publish_now_history":[],"rop_publish_now_status":"pending","footnotes":""},"categories":[5],"tags":[343,2592],"class_list":["post-20245","post","type-post","status-publish","format-standard","has-post-thumbnail","hentry","category-actualidad-informativa","tag-alberto-fujimori","tag-indulto-a-fujimori"],"_links":{"self":[{"href":"https:\/\/elinformanteperu.com\/index.php\/wp-json\/wp\/v2\/posts\/20245","targetHints":{"allow":["GET"]}}],"collection":[{"href":"https:\/\/elinformanteperu.com\/index.php\/wp-json\/wp\/v2\/posts"}],"about":[{"href":"https:\/\/elinformanteperu.com\/index.php\/wp-json\/wp\/v2\/types\/post"}],"author":[{"embeddable":true,"href":"https:\/\/elinformanteperu.com\/index.php\/wp-json\/wp\/v2\/users\/1"}],"replies":[{"embeddable":true,"href":"https:\/\/elinformanteperu.com\/index.php\/wp-json\/wp\/v2\/comments?post=20245"}],"version-history":[{"count":2,"href":"https:\/\/elinformanteperu.com\/index.php\/wp-json\/wp\/v2\/posts\/20245\/revisions"}],"predecessor-version":[{"id":20247,"href":"https:\/\/elinformanteperu.com\/index.php\/wp-json\/wp\/v2\/posts\/20245\/revisions\/20247"}],"wp:featuredmedia":[{"embeddable":true,"href":"https:\/\/elinformanteperu.com\/index.php\/wp-json\/wp\/v2\/media\/20113"}],"wp:attachment":[{"href":"https:\/\/elinformanteperu.com\/index.php\/wp-json\/wp\/v2\/media?parent=20245"}],"wp:term":[{"taxonomy":"category","embeddable":true,"href":"https:\/\/elinformanteperu.com\/index.php\/wp-json\/wp\/v2\/categories?post=20245"},{"taxonomy":"post_tag","embeddable":true,"href":"https:\/\/elinformanteperu.com\/index.php\/wp-json\/wp\/v2\/tags?post=20245"}],"curies":[{"name":"wp","href":"https:\/\/api.w.org\/{rel}","templated":true}]}}