{"id":20243,"date":"2017-12-26T13:02:59","date_gmt":"2017-12-26T18:02:59","guid":{"rendered":"http:\/\/elinformanteperu.com\/?p=20243"},"modified":"2017-12-26T13:02:59","modified_gmt":"2017-12-26T18:02:59","slug":"fiscalia-pide-incluir-a-tres-empresas-peruanas-en-el-caso-odebrecht","status":"publish","type":"post","link":"https:\/\/elinformanteperu.com\/index.php\/2017\/12\/26\/fiscalia-pide-incluir-a-tres-empresas-peruanas-en-el-caso-odebrecht\/","title":{"rendered":"Fiscal\u00eda pide incluir a tres empresas peruanas en el caso Odebrecht"},"content":{"rendered":"<p><strong><span style=\"color: #000000;\">El Ministerio P\u00fablico solicit\u00f3 al Poder Judicial incorporar a las empresas Gra\u00f1a y Montero, JJ Camet e Ingenieros Civiles y Contratistas Generales (ICCGSA) dentro del caso Odebrecht.<\/span><\/strong><\/p>\n<p><span style=\"color: #000000;\"><strong>Lima, 25 Diciembre 2017, (ANDINA).-<\/strong> El Ministerio P\u00fablico (MP) solicit\u00f3 al Poder Judicial incorporar a las empresas Gra\u00f1a y Montero, JJ Camet e Ingenieros Civiles y Contratistas Generales (ICCGSA) dentro del caso Odebrecht.<\/span><\/p>\n<p><span style=\"color: #000000;\">Las empresas, cuyos ejecutivos est\u00e1n en prisi\u00f3n preventiva, deben ser procesadas por los presuntos delitos de colusi\u00f3n agravada y lavado de activos, inform\u00f3 el Ministerio P\u00fablico a trav\u00e9s de su cuenta en Twitter.<\/span><\/p>\n<p><span style=\"color: #000000;\">Las mencionadas empresas son investigadas por haberse asociado con Odebrecht en las licitaciones que gan\u00f3 ilegalmente con el pago de sobornos.<\/span><\/p>\n<p><span style=\"color: #000000;\">Las indagaciones se centran en las adjudicaciones ganadas para construir la carretera interoce\u00e1nica del sur, en el gobierno del expresidente Alejandro Toledo.<\/span><\/p>\n<p><span style=\"color: #000000;\">Los ejecutivos Jos\u00e9 Gra\u00f1a Mir\u00f3 Quesada y Hernando Gra\u00f1a Acu\u00f1a, de Gra\u00f1a y Montero; Fernando Camet Piccone, de JJCamet, y Fernando Castillo Dib\u00f3s, de ICCGSA cumplen prisi\u00f3n preventiva por el caso Odebrecht.<\/span><\/p>\n","protected":false},"excerpt":{"rendered":"<p>El Ministerio P\u00fablico solicit\u00f3 al Poder Judicial incorporar a las empresas Gra\u00f1a y Montero, JJ Camet e Ingenieros Civiles y Contratistas Generales (ICCGSA) dentro del caso Odebrecht. Lima, 25 Diciembre 2017, (ANDINA).- El Ministerio P\u00fablico (MP) solicit\u00f3 al Poder Judicial incorporar a las empresas Gra\u00f1a y Montero, JJ Camet e Ingenieros Civiles y Contratistas Generales [&hellip;]<\/p>\n","protected":false},"author":1,"featured_media":19204,"comment_status":"open","ping_status":"open","sticky":false,"template":"","format":"standard","meta":{"rop_custom_images_group":[],"rop_custom_messages_group":[],"rop_publish_now":"initial","rop_publish_now_accounts":[],"rop_publish_now_history":[],"rop_publish_now_status":"pending","footnotes":""},"categories":[5],"tags":[370,619],"class_list":["post-20243","post","type-post","status-publish","format-standard","has-post-thumbnail","hentry","category-actualidad-informativa","tag-ministerio-publico","tag-odebrecht"],"_links":{"self":[{"href":"https:\/\/elinformanteperu.com\/index.php\/wp-json\/wp\/v2\/posts\/20243","targetHints":{"allow":["GET"]}}],"collection":[{"href":"https:\/\/elinformanteperu.com\/index.php\/wp-json\/wp\/v2\/posts"}],"about":[{"href":"https:\/\/elinformanteperu.com\/index.php\/wp-json\/wp\/v2\/types\/post"}],"author":[{"embeddable":true,"href":"https:\/\/elinformanteperu.com\/index.php\/wp-json\/wp\/v2\/users\/1"}],"replies":[{"embeddable":true,"href":"https:\/\/elinformanteperu.com\/index.php\/wp-json\/wp\/v2\/comments?post=20243"}],"version-history":[{"count":1,"href":"https:\/\/elinformanteperu.com\/index.php\/wp-json\/wp\/v2\/posts\/20243\/revisions"}],"predecessor-version":[{"id":20244,"href":"https:\/\/elinformanteperu.com\/index.php\/wp-json\/wp\/v2\/posts\/20243\/revisions\/20244"}],"wp:featuredmedia":[{"embeddable":true,"href":"https:\/\/elinformanteperu.com\/index.php\/wp-json\/wp\/v2\/media\/19204"}],"wp:attachment":[{"href":"https:\/\/elinformanteperu.com\/index.php\/wp-json\/wp\/v2\/media?parent=20243"}],"wp:term":[{"taxonomy":"category","embeddable":true,"href":"https:\/\/elinformanteperu.com\/index.php\/wp-json\/wp\/v2\/categories?post=20243"},{"taxonomy":"post_tag","embeddable":true,"href":"https:\/\/elinformanteperu.com\/index.php\/wp-json\/wp\/v2\/tags?post=20243"}],"curies":[{"name":"wp","href":"https:\/\/api.w.org\/{rel}","templated":true}]}}