{"id":20240,"date":"2017-12-26T13:01:40","date_gmt":"2017-12-26T18:01:40","guid":{"rendered":"http:\/\/elinformanteperu.com\/?p=20240"},"modified":"2017-12-26T13:01:40","modified_gmt":"2017-12-26T18:01:40","slug":"alberto-fujimori-continuara-mas-dias-en-la-clinica-informa-keiko-fujimori","status":"publish","type":"post","link":"https:\/\/elinformanteperu.com\/index.php\/2017\/12\/26\/alberto-fujimori-continuara-mas-dias-en-la-clinica-informa-keiko-fujimori\/","title":{"rendered":"Alberto Fujimori continuar\u00e1 m\u00e1s d\u00edas en la cl\u00ednica, informa Keiko Fujimori"},"content":{"rendered":"<p><strong><span style=\"color: #000000;\">La lideresa de Fuerza Popular, Keiko Fujimori, inform\u00f3 que su padre, Alberto Fujimori, continuar\u00e1 hasta ma\u00f1ana en la Unidad de Cuidados Intensivos (UCI).<\/span><\/strong><\/p>\n<p><span style=\"color: #000000;\"><strong>Lima, 25 Diciembre 2017, (ANDINA).-<\/strong> La lideresa de Fuerza Popular, Keiko Fujimori, inform\u00f3 que su padre, Alberto Fujimori, continuar\u00e1 hasta ma\u00f1ana en la Unidad de Cuidados Intensivos (UCI) y luego pasar\u00e1 unos d\u00edas m\u00e1s en la Cl\u00ednica Centenario, ubicada en Pueblo Libre.<\/span><\/p>\n<p><span style=\"color: #000000;\">Luego de visitar al exmandatario, coment\u00f3 que Alberto Fujimori ha pasado la Navidad m\u00e1s feliz de los \u00faltimos 12 a\u00f1os.<\/span><\/p>\n<p><span style=\"color: #000000;\">\u201c\u00c9l va a permanecer hasta el d\u00eda de ma\u00f1ana en la unidad de Cuidados Intensivos y luego lo trasladar\u00edan a una habitaci\u00f3n (\u2026)\u00bb, declar\u00f3 a la prensa.<\/span><\/p>\n<p><span style=\"color: #000000;\">Agreg\u00f3 que Alberto Fujimori permanecer\u00e1 unos cuantos d\u00edas m\u00e1s en la cl\u00ednica porque los m\u00e9dicos van a aprovechar para hacer una serie de ex\u00e1menes antes de su salida.<\/span><\/p>\n<p><span style=\"color: #000000;\">La excandidata presidencia dijo que a pesar de \u201clas dif\u00edciles circunstancias y de continuar en la Unidad de Cuidados Intensivos\u201d su familia ha podido tener una Navidad con \u201calegr\u00eda, esperanza y tranquilidad\u00bb.<\/span><\/p>\n<p><span style=\"color: #000000;\">El presidente de la Rep\u00fablica, Pedro Pablo Kuczynski, en uso de sus atribuciones constitucionales, decidi\u00f3 conceder el indulto humanitario al exmandatario Alberto Fujimori, as\u00ed como a otras siete personas en similar condici\u00f3n.<\/span><\/p>\n<p><span style=\"color: #000000;\">Alberto Fujimori recibi\u00f3 ayer el indulto presidencial por razones humanitarias, luego de que una junta m\u00e9dica recomendar\u00e1 otorgarle ese beneficio debido a sus problemas de salud.<\/span><\/p>\n","protected":false},"excerpt":{"rendered":"<p>La lideresa de Fuerza Popular, Keiko Fujimori, inform\u00f3 que su padre, Alberto Fujimori, continuar\u00e1 hasta ma\u00f1ana en la Unidad de Cuidados Intensivos (UCI). Lima, 25 Diciembre 2017, (ANDINA).- La lideresa de Fuerza Popular, Keiko Fujimori, inform\u00f3 que su padre, Alberto Fujimori, continuar\u00e1 hasta ma\u00f1ana en la Unidad de Cuidados Intensivos (UCI) y luego pasar\u00e1 unos [&hellip;]<\/p>\n","protected":false},"author":1,"featured_media":20241,"comment_status":"open","ping_status":"open","sticky":false,"template":"","format":"standard","meta":{"rop_custom_images_group":[],"rop_custom_messages_group":[],"rop_publish_now":"initial","rop_publish_now_accounts":[],"rop_publish_now_history":[],"rop_publish_now_status":"pending","footnotes":""},"categories":[5],"tags":[2592,557],"class_list":["post-20240","post","type-post","status-publish","format-standard","has-post-thumbnail","hentry","category-actualidad-informativa","tag-indulto-a-fujimori","tag-keiko-fujimori"],"_links":{"self":[{"href":"https:\/\/elinformanteperu.com\/index.php\/wp-json\/wp\/v2\/posts\/20240","targetHints":{"allow":["GET"]}}],"collection":[{"href":"https:\/\/elinformanteperu.com\/index.php\/wp-json\/wp\/v2\/posts"}],"about":[{"href":"https:\/\/elinformanteperu.com\/index.php\/wp-json\/wp\/v2\/types\/post"}],"author":[{"embeddable":true,"href":"https:\/\/elinformanteperu.com\/index.php\/wp-json\/wp\/v2\/users\/1"}],"replies":[{"embeddable":true,"href":"https:\/\/elinformanteperu.com\/index.php\/wp-json\/wp\/v2\/comments?post=20240"}],"version-history":[{"count":1,"href":"https:\/\/elinformanteperu.com\/index.php\/wp-json\/wp\/v2\/posts\/20240\/revisions"}],"predecessor-version":[{"id":20242,"href":"https:\/\/elinformanteperu.com\/index.php\/wp-json\/wp\/v2\/posts\/20240\/revisions\/20242"}],"wp:featuredmedia":[{"embeddable":true,"href":"https:\/\/elinformanteperu.com\/index.php\/wp-json\/wp\/v2\/media\/20241"}],"wp:attachment":[{"href":"https:\/\/elinformanteperu.com\/index.php\/wp-json\/wp\/v2\/media?parent=20240"}],"wp:term":[{"taxonomy":"category","embeddable":true,"href":"https:\/\/elinformanteperu.com\/index.php\/wp-json\/wp\/v2\/categories?post=20240"},{"taxonomy":"post_tag","embeddable":true,"href":"https:\/\/elinformanteperu.com\/index.php\/wp-json\/wp\/v2\/tags?post=20240"}],"curies":[{"name":"wp","href":"https:\/\/api.w.org\/{rel}","templated":true}]}}