{"id":20237,"date":"2017-12-26T12:54:17","date_gmt":"2017-12-26T17:54:17","guid":{"rendered":"http:\/\/elinformanteperu.com\/?p=20237"},"modified":"2017-12-26T12:54:17","modified_gmt":"2017-12-26T17:54:17","slug":"alberto-fujimori-ciudadanos-participan-en-marcha-contra-el-indulto","status":"publish","type":"post","link":"https:\/\/elinformanteperu.com\/index.php\/2017\/12\/26\/alberto-fujimori-ciudadanos-participan-en-marcha-contra-el-indulto\/","title":{"rendered":"Alberto Fujimori: ciudadanos participan en marcha contra el indulto"},"content":{"rendered":"<p><strong><span style=\"color: #000000;\">Ciudadanos y colectivos de derechos humanos participan en estos momentos en una manifestaci\u00f3n contra el indulto otorgado al exmandatario Alberto Fujimori.<\/span><\/strong><\/p>\n<p><span style=\"color: #000000;\"><strong>Lima, 25 Diciembre 2017, (ANDINA).-<\/strong> Ciudadanos y colectivos de derechos humanos participan en estos momentos en una manifestaci\u00f3n contra el indulto otorgado al exmandatario Alberto Fujimori.<\/span><\/p>\n<p><span style=\"color: #000000;\">Los manifestantes se reunieron en diversos puntos de Lima y se movilizaron en diversas avenidas entre ellas, Alfonso Ugarte, Colmena, Uruguay, entre otras.<\/span><\/p>\n<p><span style=\"color: #000000;\">Luego un grupo de ciudadanos se moviliz\u00f3 hacia la Plaza San Mart\u00edn, otro frente al Palacio de Justicia, y otro en las inmediaciones de la Cl\u00ednica Centenario ubicada en Pueblo Libre.<\/span><\/p>\n<p><span style=\"color: #000000;\">Gisela Ortiz, hermana de una de las v\u00edctimas de la matanza en Barrios Altos, expres\u00f3 su indignaci\u00f3n por el indulto otorgado a Alberto Fujimori.<\/span><\/p>\n<p><span style=\"color: #000000;\">\u00abLa Navidad es de por s\u00ed es una fiesta dif\u00edcil para nosotros, porque no la podemos pasar con los familiares que perdimos, y tener que escuchar la liberaci\u00f3n de Fujimori, nos duele\u00bb, declar\u00f3 en RPP.<\/span><\/p>\n<p><span style=\"color: #000000;\">Record\u00f3 que \u00abla reconciliaci\u00f3n tiene que ver con el perd\u00f3n de los familiares de las v\u00edctimas a los victimarios, no con el perd\u00f3n a quien viol\u00f3 derechos humanos\u00bb.<\/span><\/p>\n<p><span style=\"color: #000000;\">\u00abUna reconciliaci\u00f3n se basa en la justicia, no en la impunidad. Es una noticia dolorosa para nosotros y negativa para el pa\u00eds y la democracia\u00bb, agreg\u00f3.<\/span><\/p>\n<p><span style=\"color: #000000;\">El presidente de la Rep\u00fablica, Pedro Pablo Kuczynski, en uso de sus atribuciones constitucionales, decidi\u00f3 conceder el indulto humanitario al exmandatario Alberto Fujimori, as\u00ed como a otras siete personas en similar condici\u00f3n.<\/span><\/p>\n<p><span style=\"color: #000000;\">Alberto Fujimori recibi\u00f3 ayer el indulto presidencial por razones humanitarias, luego de que una junta m\u00e9dica recomendar\u00e1 otorgarle ese beneficio debido a sus problemas de salud.<\/span><\/p>\n","protected":false},"excerpt":{"rendered":"<p>Ciudadanos y colectivos de derechos humanos participan en estos momentos en una manifestaci\u00f3n contra el indulto otorgado al exmandatario Alberto Fujimori. Lima, 25 Diciembre 2017, (ANDINA).- Ciudadanos y colectivos de derechos humanos participan en estos momentos en una manifestaci\u00f3n contra el indulto otorgado al exmandatario Alberto Fujimori. Los manifestantes se reunieron en diversos puntos de [&hellip;]<\/p>\n","protected":false},"author":1,"featured_media":20238,"comment_status":"open","ping_status":"open","sticky":false,"template":"","format":"standard","meta":{"rop_custom_images_group":[],"rop_custom_messages_group":[],"rop_publish_now":"initial","rop_publish_now_accounts":[],"rop_publish_now_history":[],"rop_publish_now_status":"pending","footnotes":""},"categories":[5],"tags":[2592,1862],"class_list":["post-20237","post","type-post","status-publish","format-standard","has-post-thumbnail","hentry","category-actualidad-informativa","tag-indulto-a-fujimori","tag-no-al-indulto"],"_links":{"self":[{"href":"https:\/\/elinformanteperu.com\/index.php\/wp-json\/wp\/v2\/posts\/20237","targetHints":{"allow":["GET"]}}],"collection":[{"href":"https:\/\/elinformanteperu.com\/index.php\/wp-json\/wp\/v2\/posts"}],"about":[{"href":"https:\/\/elinformanteperu.com\/index.php\/wp-json\/wp\/v2\/types\/post"}],"author":[{"embeddable":true,"href":"https:\/\/elinformanteperu.com\/index.php\/wp-json\/wp\/v2\/users\/1"}],"replies":[{"embeddable":true,"href":"https:\/\/elinformanteperu.com\/index.php\/wp-json\/wp\/v2\/comments?post=20237"}],"version-history":[{"count":1,"href":"https:\/\/elinformanteperu.com\/index.php\/wp-json\/wp\/v2\/posts\/20237\/revisions"}],"predecessor-version":[{"id":20239,"href":"https:\/\/elinformanteperu.com\/index.php\/wp-json\/wp\/v2\/posts\/20237\/revisions\/20239"}],"wp:featuredmedia":[{"embeddable":true,"href":"https:\/\/elinformanteperu.com\/index.php\/wp-json\/wp\/v2\/media\/20238"}],"wp:attachment":[{"href":"https:\/\/elinformanteperu.com\/index.php\/wp-json\/wp\/v2\/media?parent=20237"}],"wp:term":[{"taxonomy":"category","embeddable":true,"href":"https:\/\/elinformanteperu.com\/index.php\/wp-json\/wp\/v2\/categories?post=20237"},{"taxonomy":"post_tag","embeddable":true,"href":"https:\/\/elinformanteperu.com\/index.php\/wp-json\/wp\/v2\/tags?post=20237"}],"curies":[{"name":"wp","href":"https:\/\/api.w.org\/{rel}","templated":true}]}}