{"id":20229,"date":"2017-12-26T12:29:19","date_gmt":"2017-12-26T17:29:19","guid":{"rendered":"http:\/\/elinformanteperu.com\/?p=20229"},"modified":"2017-12-26T12:29:19","modified_gmt":"2017-12-26T17:29:19","slug":"denunciaran-constitucionalmente-a-ministros-araoz-y-mendoza","status":"publish","type":"post","link":"https:\/\/elinformanteperu.com\/index.php\/2017\/12\/26\/denunciaran-constitucionalmente-a-ministros-araoz-y-mendoza\/","title":{"rendered":"Denunciar\u00e1n constitucionalmente a ministros Ar\u00e1oz y Mendoza"},"content":{"rendered":"<p><strong><span style=\"color: #000000;\">La congresista de Nuevo Per\u00fa, Indira Huilca, anunci\u00f3 que presentar\u00e1 una denuncia contra la jefa del Gabinete, Mercedes Ar\u00e1oz; y el ministro de Justicia, Enrique Mendoza.<\/span><\/strong><\/p>\n<p><span style=\"color: #000000;\"><strong>Lima, 25 Diciembre 2017, (ANDINA).-<\/strong> La congresista de Nuevo Per\u00fa, Indira Huilca, anunci\u00f3 que presentar\u00e1 una denuncia constitucional contra la jefa del Gabinete, Mercedes Ar\u00e1oz; y el ministro de Justicia, Enrique Mendoza; por su presunta responsabilidad en el indulto al expresidente Alberto Fujimori.<\/span><\/p>\n<p><span style=\"color: #000000;\">Huilca explic\u00f3 que ambos ministros han incumplido con verificar el respeto irrestricto al debido proceso en un caso tan complejo como lo es un indulto a una persona sentenciada por violaciones a los derechos humanos.<\/span><\/p>\n<p><span style=\"color: #000000;\">En ese marco, opin\u00f3 que Ar\u00e1oz y Mendoza tendr\u00edan responsabilidad pol\u00edtica en la presunta concesi\u00f3n irregular de la mencionada gracia presidencial a Fujimori.<\/span><\/p>\n<p><span style=\"color: #000000;\">\u201cHay un tema de responsabilidad jur\u00eddica que tendr\u00eda que evaluarse, pero hay un tema de responsabilidad pol\u00edtica y lo que creo es que tiene que haber una investigaci\u00f3n profunda sobre esa responsabilidad y determinar hasta qu\u00e9 punto se configur\u00f3 una trama para ocultar que el indulto estaba en macha\u201d, subray\u00f3.<\/span><\/p>\n<p><span style=\"color: #000000;\">Alberto Fujimori, quien cumpl\u00eda 25 a\u00f1os de prisi\u00f3n por delitos de corrupci\u00f3n y contra los derechos humanos, recibi\u00f3 ayer el indulto presidencial por razones humanitarias, luego de que una junta m\u00e9dica recomendar\u00e1 otorgarle ese beneficio debido a sus problemas de salud.<\/span><\/p>\n<p><span style=\"color: #000000;\">La legisladora de izquierda record\u00f3 que la posibilidad de un indulto a favor de Fujimori fue anunciada el pasado jueves, pero el gobierno se encarg\u00f3 por todos los medios de negarlo, incluso con declaraciones ante la prensa de la propia Mercedes Ar\u00e1oz.<\/span><\/p>\n<p><span style=\"color: #000000;\">\u201c(\u2026) en nuestro pa\u00eds las autoridades nuevamente traicionan sus palabras y eso me parece ha quedado clar\u00edsimo con las acciones del Presidente y de la gente de su entorno\u201d, manifest\u00f3.<\/span><\/p>\n","protected":false},"excerpt":{"rendered":"<p>La congresista de Nuevo Per\u00fa, Indira Huilca, anunci\u00f3 que presentar\u00e1 una denuncia contra la jefa del Gabinete, Mercedes Ar\u00e1oz; y el ministro de Justicia, Enrique Mendoza. Lima, 25 Diciembre 2017, (ANDINA).- La congresista de Nuevo Per\u00fa, Indira Huilca, anunci\u00f3 que presentar\u00e1 una denuncia constitucional contra la jefa del Gabinete, Mercedes Ar\u00e1oz; y el ministro de [&hellip;]<\/p>\n","protected":false},"author":1,"featured_media":20230,"comment_status":"open","ping_status":"open","sticky":false,"template":"","format":"standard","meta":{"rop_custom_images_group":[],"rop_custom_messages_group":[],"rop_publish_now":"initial","rop_publish_now_accounts":[],"rop_publish_now_history":[],"rop_publish_now_status":"pending","footnotes":""},"categories":[5],"tags":[2303,1106,2592,79],"class_list":["post-20229","post","type-post","status-publish","format-standard","has-post-thumbnail","hentry","category-actualidad-informativa","tag-enrique-mendoza","tag-indira-huilca","tag-indulto-a-fujimori","tag-mercedes-araoz"],"_links":{"self":[{"href":"https:\/\/elinformanteperu.com\/index.php\/wp-json\/wp\/v2\/posts\/20229","targetHints":{"allow":["GET"]}}],"collection":[{"href":"https:\/\/elinformanteperu.com\/index.php\/wp-json\/wp\/v2\/posts"}],"about":[{"href":"https:\/\/elinformanteperu.com\/index.php\/wp-json\/wp\/v2\/types\/post"}],"author":[{"embeddable":true,"href":"https:\/\/elinformanteperu.com\/index.php\/wp-json\/wp\/v2\/users\/1"}],"replies":[{"embeddable":true,"href":"https:\/\/elinformanteperu.com\/index.php\/wp-json\/wp\/v2\/comments?post=20229"}],"version-history":[{"count":1,"href":"https:\/\/elinformanteperu.com\/index.php\/wp-json\/wp\/v2\/posts\/20229\/revisions"}],"predecessor-version":[{"id":20231,"href":"https:\/\/elinformanteperu.com\/index.php\/wp-json\/wp\/v2\/posts\/20229\/revisions\/20231"}],"wp:featuredmedia":[{"embeddable":true,"href":"https:\/\/elinformanteperu.com\/index.php\/wp-json\/wp\/v2\/media\/20230"}],"wp:attachment":[{"href":"https:\/\/elinformanteperu.com\/index.php\/wp-json\/wp\/v2\/media?parent=20229"}],"wp:term":[{"taxonomy":"category","embeddable":true,"href":"https:\/\/elinformanteperu.com\/index.php\/wp-json\/wp\/v2\/categories?post=20229"},{"taxonomy":"post_tag","embeddable":true,"href":"https:\/\/elinformanteperu.com\/index.php\/wp-json\/wp\/v2\/tags?post=20229"}],"curies":[{"name":"wp","href":"https:\/\/api.w.org\/{rel}","templated":true}]}}