{"id":20223,"date":"2017-12-26T11:58:36","date_gmt":"2017-12-26T16:58:36","guid":{"rendered":"http:\/\/elinformanteperu.com\/?p=20223"},"modified":"2017-12-26T11:58:36","modified_gmt":"2017-12-26T16:58:36","slug":"renuncia-director-general-de-derechos-humanos-del-minjus","status":"publish","type":"post","link":"https:\/\/elinformanteperu.com\/index.php\/2017\/12\/26\/renuncia-director-general-de-derechos-humanos-del-minjus\/","title":{"rendered":"Renuncia director general de Derechos Humanos del Minjus"},"content":{"rendered":"<p><strong><span style=\"color: #000000;\">El director general de Derechos Humanos del Ministerio de Justicia y Derechos Humanos, Roger Rodr\u00edguez Santander, present\u00f3 su renuncia al cargo.<\/span><\/strong><\/p>\n<p><span style=\"color: #000000;\"><strong>Lima, 25 Diciembre 2017, (ANDINA).-<\/strong> El director general de Derechos Humanos del Ministerio de Justicia y Derechos Humanos, Roger Rodr\u00edguez Santander, present\u00f3 su renuncia al cargo, al no estar de acuerdo con el indulto otorgado al expresidente Alberto Fujimori por razones humanitarias.<\/span><\/p>\n<p><span style=\"color: #000000;\">En carta dirigida al titular del sector, Enrique Mendoza, Rodr\u00edguez sostiene que existen razones para sostener con certeza que Fujimori no calificaba para recibir ese beneficio.<\/span><\/p>\n<p><span style=\"color: #000000;\">Indica, adem\u00e1s, que los \u201csupuestos padecimientos que afectaban gravemente\u201d la salud del exmandatario \u201ccarecen de un m\u00ednimo grado de verosimilitud\u201d.<\/span><\/p>\n<p><span style=\"color: #000000;\">Al recordar que como miembro de la Comisi\u00f3n de Gracias Presidenciales, fue testigo el 2013 de los intentos infructuosos de Fujimori por \u201cmanipular la realidad\u201d para obtener ese a\u00f1o el indulto, subraya que los \u201cexecrables hechos\u201d que justificaron su justa sentencia por violaciones a los derechos humanos, determinan que el \u201cindulto concedido carezca de justificaci\u00f3n jur\u00eddica\u201d.<\/span><\/p>\n<p><span style=\"color: #000000;\">\u201cDejo para el final la raz\u00f3n m\u00e1s importante que me permite no tener duda acerca del deber que tengo de formular la renuncia al cargo. Ella es un imperativo moral si tomo en cuenta la formaci\u00f3n que me dieron mis padres y el ejemplo de lo debido, legado verdaderamente valioso que deseo dejar a mis hijas y a mi hijo\u201d, subraya.<\/span><\/p>\n<p><span style=\"color: #000000;\">Alberto Fujimori recibi\u00f3 ayer el indulto presidencial por razones humanitarias, luego de que una junta m\u00e9dica recomendar\u00e1 otorgarle ese beneficio debido a sus problemas de salud.<\/span><\/p>\n","protected":false},"excerpt":{"rendered":"<p>El director general de Derechos Humanos del Ministerio de Justicia y Derechos Humanos, Roger Rodr\u00edguez Santander, present\u00f3 su renuncia al cargo. Lima, 25 Diciembre 2017, (ANDINA).- El director general de Derechos Humanos del Ministerio de Justicia y Derechos Humanos, Roger Rodr\u00edguez Santander, present\u00f3 su renuncia al cargo, al no estar de acuerdo con el indulto [&hellip;]<\/p>\n","protected":false},"author":1,"featured_media":9365,"comment_status":"open","ping_status":"open","sticky":false,"template":"","format":"standard","meta":{"rop_custom_images_group":[],"rop_custom_messages_group":[],"rop_publish_now":"initial","rop_publish_now_accounts":[],"rop_publish_now_history":[],"rop_publish_now_status":"pending","footnotes":""},"categories":[5],"tags":[343,2592,166],"class_list":["post-20223","post","type-post","status-publish","format-standard","has-post-thumbnail","hentry","category-actualidad-informativa","tag-alberto-fujimori","tag-indulto-a-fujimori","tag-ministerio-de-justicia"],"_links":{"self":[{"href":"https:\/\/elinformanteperu.com\/index.php\/wp-json\/wp\/v2\/posts\/20223","targetHints":{"allow":["GET"]}}],"collection":[{"href":"https:\/\/elinformanteperu.com\/index.php\/wp-json\/wp\/v2\/posts"}],"about":[{"href":"https:\/\/elinformanteperu.com\/index.php\/wp-json\/wp\/v2\/types\/post"}],"author":[{"embeddable":true,"href":"https:\/\/elinformanteperu.com\/index.php\/wp-json\/wp\/v2\/users\/1"}],"replies":[{"embeddable":true,"href":"https:\/\/elinformanteperu.com\/index.php\/wp-json\/wp\/v2\/comments?post=20223"}],"version-history":[{"count":1,"href":"https:\/\/elinformanteperu.com\/index.php\/wp-json\/wp\/v2\/posts\/20223\/revisions"}],"predecessor-version":[{"id":20224,"href":"https:\/\/elinformanteperu.com\/index.php\/wp-json\/wp\/v2\/posts\/20223\/revisions\/20224"}],"wp:featuredmedia":[{"embeddable":true,"href":"https:\/\/elinformanteperu.com\/index.php\/wp-json\/wp\/v2\/media\/9365"}],"wp:attachment":[{"href":"https:\/\/elinformanteperu.com\/index.php\/wp-json\/wp\/v2\/media?parent=20223"}],"wp:term":[{"taxonomy":"category","embeddable":true,"href":"https:\/\/elinformanteperu.com\/index.php\/wp-json\/wp\/v2\/categories?post=20223"},{"taxonomy":"post_tag","embeddable":true,"href":"https:\/\/elinformanteperu.com\/index.php\/wp-json\/wp\/v2\/tags?post=20223"}],"curies":[{"name":"wp","href":"https:\/\/api.w.org\/{rel}","templated":true}]}}