{"id":2022,"date":"2016-11-29T23:48:28","date_gmt":"2016-11-30T04:48:28","guid":{"rendered":"http:\/\/elinformanteperu.com\/?p=2022"},"modified":"2016-11-29T23:48:28","modified_gmt":"2016-11-30T04:48:28","slug":"primer-gabinete-binacional-peru-chile-sera-en-junio-de-2017","status":"publish","type":"post","link":"https:\/\/elinformanteperu.com\/index.php\/2016\/11\/29\/primer-gabinete-binacional-peru-chile-sera-en-junio-de-2017\/","title":{"rendered":"Primer Gabinete Binacional Per\u00fa \u2013 Chile ser\u00e1 en junio de 2017"},"content":{"rendered":"<p style=\"text-align: justify;\"><strong>El primer Gabinete Binacional entre los gobiernos de Per\u00fa y Chile ser\u00e1 en junio de 2017, anunci\u00f3 la presidenta chilena, Michelle Bachelet.<\/strong><\/p>\n<p style=\"text-align: justify;\"><strong>Santiago de Chile, 29 Noviembre 2016, (ANDINA).-<\/strong> El primer Gabinete Binacional entre los gobiernos de Per\u00fa y Chile ser\u00e1 en junio de 2017, anunci\u00f3 la presidenta chilena, Michelle Bachelet, quien destac\u00f3 que ambos pa\u00edses cuentan con una agenda que comprende importantes \u00e1reas de convergencia, de di\u00e1logo y respeto mutuo.<\/p>\n<p style=\"text-align: justify;\">\u201cHemos establecido el mecanismo de gabinete binacionales de ministros que se reunir\u00e1 por primera vez, suponemos en Per\u00fa, ya se definir\u00e1, en junio de 2017\u201d, expres\u00f3 tras una reuni\u00f3n bilateral con el mandatario peruano Pedro Pablo Kuczynski en la sede del Palacio de La Moneda.<\/p>\n<p style=\"text-align: justify;\">De esta manera, resalt\u00f3, ambos pa\u00edses posicionan el di\u00e1logo y la toma de decisiones al m\u00e1s alto nivel en los principales asuntos de agenda compartida.<\/p>\n<p style=\"text-align: justify;\">\u201cPara ello se reactivar\u00e1n las reuniones de mecanismos bilaterales en \u00e1reas como la econom\u00eda, el comercio, miner\u00eda, ciencia, tecnolog\u00eda e innovaci\u00f3n, energ\u00eda, integraci\u00f3n fronteriza, lucha contra el tr\u00e1fico de drogas, cultura, seguridad, defensa, turismo y desastres naturales\u201d, dijo.<\/p>\n<p style=\"text-align: justify;\">Tambi\u00e9n convocar\u00e1n a un mecanismo de consulta y coordinaci\u00f3n pol\u00edtica, conocido como \u00ab2+2\u00bb, y resultados de estas tareas ser\u00e1 presentado al Gabinete Binacional de ministros.<\/p>\n<p style=\"text-align: justify;\">Bachelet destac\u00f3 que en el encuentro con Kuczynski se reafirm\u00f3 el di\u00e1logo permanente, la profundizaci\u00f3n de la relaci\u00f3n bilateral y el fortalecimiento de la confianza mutua y la transparencia entre ambos pa\u00edses.<\/p>\n<p style=\"text-align: justify;\">\u201cHemos avanzado firmando un nuevo tratado de extradici\u00f3n que reemplaza al de 1932, un memorando de entendimiento para establecer un mecanismo de di\u00e1logo y cooperaci\u00f3n en materia de derechos humanos y un acuerdo interinstitucional entre las agencias de cooperaci\u00f3n\u201d, a\u00f1adi\u00f3.<\/p>\n<p style=\"text-align: justify;\">Asimismo, sostuvo que buscan profundizar la relaci\u00f3n comercial a trav\u00e9s del Tratado de Libre Comercio entre los pa\u00edses de la Alianza del Pac\u00edfico, impulsando la reinserci\u00f3n de estas econom\u00edas en el mercado global, y mirando especialmente hacia el Asia Pac\u00edfico.<\/p>\n<p style=\"text-align: justify;\">Al referir que seguir\u00e1n promoviendo el libre comercio, el crecimiento sustentable e integral y el desarrollo humano, se\u00f1al\u00f3 que Chile ha expresado formalmente su apoyo al proceso de ingreso del Per\u00fa a la OCDE.<\/p>\n<p style=\"text-align: justify;\">En otro momento, Bachelet dijo que se busca fomentar la interconexi\u00f3n el\u00e9ctrica bilateral, y reimpulsar las conversaciones para concretar el proyecto de interconexi\u00f3n el\u00e9ctrica Tacna &#8211; Arica y el tren r\u00e1pido entre estas dos ciudades.<\/p>\n<p style=\"text-align: justify;\">El esp\u00edritu de trabajo cooperativo, a\u00f1adi\u00f3, trasciende a los gobiernos centrales y alcanza a los parlamentos, por ello las comisiones de Relaciones Exteriores del Senado chileno y del Congreso peruano se reunir\u00e1n en enero de 2017.<\/p>\n<p style=\"text-align: justify;\">\u201cLa relaci\u00f3n entre Chile y Per\u00fa cuenta con una agenda que comprende importantes \u00e1reas de convergencia de di\u00e1logo y respeto mutuo\u201d, afirm\u00f3 al resaltar que la visita de Kuczynski ha confirmado la voluntad pol\u00edtica desarrollar una relaci\u00f3n vecinal plena con el objetivo com\u00fan de alcanzar un futuro mejor con las herramientas de la integraci\u00f3n.<\/p>\n","protected":false},"excerpt":{"rendered":"<p>El primer Gabinete Binacional entre los gobiernos de Per\u00fa y Chile ser\u00e1 en junio de 2017, anunci\u00f3 la presidenta chilena, Michelle Bachelet. Santiago de Chile, 29 Noviembre 2016, (ANDINA).- El primer Gabinete Binacional entre los gobiernos de Per\u00fa y Chile ser\u00e1 en junio de 2017, anunci\u00f3 la presidenta chilena, Michelle Bachelet, quien destac\u00f3 que ambos [&hellip;]<\/p>\n","protected":false},"author":1,"featured_media":2023,"comment_status":"open","ping_status":"open","sticky":false,"template":"","format":"standard","meta":{"rop_custom_images_group":[],"rop_custom_messages_group":[],"rop_publish_now":"initial","rop_publish_now_accounts":[],"rop_publish_now_history":[],"rop_publish_now_status":"pending","footnotes":""},"categories":[5],"tags":[288,74,73],"class_list":["post-2022","post","type-post","status-publish","format-standard","has-post-thumbnail","hentry","category-actualidad-informativa","tag-michelle-bachelet","tag-pedro-pablo-kuczynski","tag-ppk"],"_links":{"self":[{"href":"https:\/\/elinformanteperu.com\/index.php\/wp-json\/wp\/v2\/posts\/2022","targetHints":{"allow":["GET"]}}],"collection":[{"href":"https:\/\/elinformanteperu.com\/index.php\/wp-json\/wp\/v2\/posts"}],"about":[{"href":"https:\/\/elinformanteperu.com\/index.php\/wp-json\/wp\/v2\/types\/post"}],"author":[{"embeddable":true,"href":"https:\/\/elinformanteperu.com\/index.php\/wp-json\/wp\/v2\/users\/1"}],"replies":[{"embeddable":true,"href":"https:\/\/elinformanteperu.com\/index.php\/wp-json\/wp\/v2\/comments?post=2022"}],"version-history":[{"count":1,"href":"https:\/\/elinformanteperu.com\/index.php\/wp-json\/wp\/v2\/posts\/2022\/revisions"}],"predecessor-version":[{"id":2024,"href":"https:\/\/elinformanteperu.com\/index.php\/wp-json\/wp\/v2\/posts\/2022\/revisions\/2024"}],"wp:featuredmedia":[{"embeddable":true,"href":"https:\/\/elinformanteperu.com\/index.php\/wp-json\/wp\/v2\/media\/2023"}],"wp:attachment":[{"href":"https:\/\/elinformanteperu.com\/index.php\/wp-json\/wp\/v2\/media?parent=2022"}],"wp:term":[{"taxonomy":"category","embeddable":true,"href":"https:\/\/elinformanteperu.com\/index.php\/wp-json\/wp\/v2\/categories?post=2022"},{"taxonomy":"post_tag","embeddable":true,"href":"https:\/\/elinformanteperu.com\/index.php\/wp-json\/wp\/v2\/tags?post=2022"}],"curies":[{"name":"wp","href":"https:\/\/api.w.org\/{rel}","templated":true}]}}