{"id":20145,"date":"2017-12-24T21:58:01","date_gmt":"2017-12-25T02:58:01","guid":{"rendered":"http:\/\/elinformanteperu.com\/?p=20145"},"modified":"2017-12-24T21:58:01","modified_gmt":"2017-12-25T02:58:01","slug":"que-le-espera-a-la-bancada-fujimorista-tras-division-por-la-vacancia","status":"publish","type":"post","link":"https:\/\/elinformanteperu.com\/index.php\/2017\/12\/24\/que-le-espera-a-la-bancada-fujimorista-tras-division-por-la-vacancia\/","title":{"rendered":"\u00bfQu\u00e9 le espera a la bancada fujimorista tras divisi\u00f3n por la vacancia?"},"content":{"rendered":"<p><strong><span style=\"color: #000000;\">La ruptura en la bancada fujimorista, podr\u00eda significar la p\u00e9rdida de su mayor\u00eda absoluta en el Congreso, asegur\u00f3 el analista Diethell Columbus.<\/span><\/strong><\/p>\n<p><span style=\"color: #000000;\"><strong>Lima, 24 Diciembre 2017, (ANDINA).-<\/strong> La ruptura en la bancada fujimorista, evidenciada en la posici\u00f3n de diez de sus integrantes que votaron en contra de la vacancia del presidente Pedro Pablo Kuczynski, podr\u00eda significar la p\u00e9rdida de su mayor\u00eda absoluta en el Congreso, asegur\u00f3 el analista pol\u00edtico Diethell Columbus.<\/span><\/p>\n<p><span style=\"color: #000000;\">\u201cSi se van diez parlamentarios con Kenji Fujimori, Fuerza Popular pierde su mayor\u00eda absoluta. Es decir, tendr\u00edan solo 61 votos, ya no contar\u00edan con fuerza para imponerse, su poder se diluir\u00eda. Es un golpe duro para el fujimorismo porque no lo ve\u00edan venir\u201d, coment\u00f3.<\/span><\/p>\n<p><span style=\"color: #000000;\">La vacancia del presidente Pedro Pablo Kuczynski no fue aprobada en el Congreso el \u00faltimo jueves debido a que no consigui\u00f3 los 87 votos necesarios. Diez parlamentarios fujimoristas no votaron a favor de esa medida que hab\u00eda sido impulsada activamente por la bancada de Fuerza Popular.<\/span><\/p>\n<p><span style=\"color: #000000;\">\u201cLa conducta de estos diez congresistas tiene un lenguaje pol\u00edtico claro, han dejado sentado que est\u00e1n marcado una l\u00ednea divisoria entre ellos y la bancada de Fuerza Popular\u201d, apunt\u00f3 Columbus.<\/span><\/p>\n<p><span style=\"color: #000000;\">Indic\u00f3 que la posibilidad de este impasse se supere en la bancada es complicada, dado que un sector de la bancada que respald\u00f3 la vacancia presidencial acusa al sector que lidera Kenji Fujimori de haber pactado el indulto de Alberto Fujimori a cambio de su voto.<\/span><\/p>\n<p><span style=\"color: #000000;\">\u201cQuiz\u00e1 sea complicado dar marcha atr\u00e1s, creo que antes que los temas personales el fujimorismo, y las fuerzas pol\u00edticas deben seguir investigando el tema el presidente, cada bancada ha estado defendiendo sus propios inter\u00e9s\u201d, refiri\u00f3<\/span><\/p>\n<p><span style=\"color: #000000;\">Diethell Columbus explic\u00f3 que el \u201cresquebrajamiento de la disciplina partidaria\u201d no solo se ha dado en la bancada fujimorista, sino tambi\u00e9n en otras bancadas parlamentarias como la del APRA, Acci\u00f3n Popular (AP) y Alianza para el Progreso (APP), que aseguraron un voto en bloque, pero terminaron fragmentados.<\/span><\/p>\n<p><span style=\"color: #000000;\">\u201cAPP apoy\u00f3 la admisi\u00f3n de la vacancia presidencial, luego cambiaron de opini\u00f3n y dijeron que no importa la infracci\u00f3n sino el debido proceso para no hacer aspavientos\u201d, refiri\u00f3.<\/span><\/p>\n<p><span style=\"color: #000000;\">En el caso del Frente Amplio, y su l\u00edder Marco Arana, refiri\u00f3 que su actuaci\u00f3n en este tema los deja golpeados pol\u00edticamente.<\/span><\/p>\n<p><span style=\"color: #000000;\">\u201cEs bien extra\u00f1a su posici\u00f3n, plantearon la moci\u00f3n de vacancia y de pronto salieron en la marcha en contra el fujimorismo golpista, queriendo capitalizar como el rostro visible del antifujimorismo\u201d, refiri\u00f3.<\/span><\/p>\n","protected":false},"excerpt":{"rendered":"<p>La ruptura en la bancada fujimorista, podr\u00eda significar la p\u00e9rdida de su mayor\u00eda absoluta en el Congreso, asegur\u00f3 el analista Diethell Columbus. Lima, 24 Diciembre 2017, (ANDINA).- La ruptura en la bancada fujimorista, evidenciada en la posici\u00f3n de diez de sus integrantes que votaron en contra de la vacancia del presidente Pedro Pablo Kuczynski, podr\u00eda [&hellip;]<\/p>\n","protected":false},"author":1,"featured_media":19754,"comment_status":"open","ping_status":"open","sticky":false,"template":"","format":"standard","meta":{"rop_custom_images_group":[],"rop_custom_messages_group":[],"rop_publish_now":"initial","rop_publish_now_accounts":[],"rop_publish_now_history":[],"rop_publish_now_status":"pending","footnotes":""},"categories":[5],"tags":[192,2591,295,74,2577],"class_list":["post-20145","post","type-post","status-publish","format-standard","has-post-thumbnail","hentry","category-actualidad-informativa","tag-congreso","tag-diethell-columbus","tag-fuerza-popular","tag-pedro-pablo-kuczynski","tag-vacancia-ppk"],"_links":{"self":[{"href":"https:\/\/elinformanteperu.com\/index.php\/wp-json\/wp\/v2\/posts\/20145","targetHints":{"allow":["GET"]}}],"collection":[{"href":"https:\/\/elinformanteperu.com\/index.php\/wp-json\/wp\/v2\/posts"}],"about":[{"href":"https:\/\/elinformanteperu.com\/index.php\/wp-json\/wp\/v2\/types\/post"}],"author":[{"embeddable":true,"href":"https:\/\/elinformanteperu.com\/index.php\/wp-json\/wp\/v2\/users\/1"}],"replies":[{"embeddable":true,"href":"https:\/\/elinformanteperu.com\/index.php\/wp-json\/wp\/v2\/comments?post=20145"}],"version-history":[{"count":1,"href":"https:\/\/elinformanteperu.com\/index.php\/wp-json\/wp\/v2\/posts\/20145\/revisions"}],"predecessor-version":[{"id":20146,"href":"https:\/\/elinformanteperu.com\/index.php\/wp-json\/wp\/v2\/posts\/20145\/revisions\/20146"}],"wp:featuredmedia":[{"embeddable":true,"href":"https:\/\/elinformanteperu.com\/index.php\/wp-json\/wp\/v2\/media\/19754"}],"wp:attachment":[{"href":"https:\/\/elinformanteperu.com\/index.php\/wp-json\/wp\/v2\/media?parent=20145"}],"wp:term":[{"taxonomy":"category","embeddable":true,"href":"https:\/\/elinformanteperu.com\/index.php\/wp-json\/wp\/v2\/categories?post=20145"},{"taxonomy":"post_tag","embeddable":true,"href":"https:\/\/elinformanteperu.com\/index.php\/wp-json\/wp\/v2\/tags?post=20145"}],"curies":[{"name":"wp","href":"https:\/\/api.w.org\/{rel}","templated":true}]}}