{"id":20143,"date":"2017-12-24T21:52:48","date_gmt":"2017-12-25T02:52:48","guid":{"rendered":"http:\/\/elinformanteperu.com\/?p=20143"},"modified":"2017-12-24T21:52:48","modified_gmt":"2017-12-25T02:52:48","slug":"ollanta-humala-expresa-agradecimiento-por-permitir-reunirse-con-sus-hijos-en-navidad","status":"publish","type":"post","link":"https:\/\/elinformanteperu.com\/index.php\/2017\/12\/24\/ollanta-humala-expresa-agradecimiento-por-permitir-reunirse-con-sus-hijos-en-navidad\/","title":{"rendered":"Ollanta Humala expresa agradecimiento por permitir reunirse con sus hijos en Navidad"},"content":{"rendered":"<p><strong><span style=\"color: #000000;\">El expresidente Ollanta Humala expres\u00f3 su agradecimiento al presidente Pedro Kuczynski, por preocuparse por sus hijos y permitir que se encuentre con ellos en esta Navidad.<\/span><\/strong><\/p>\n<p><span style=\"color: #000000;\"><strong>Lima, 24 Diciembre 2017, (ANDINA).-<\/strong> El expresidente Ollanta Humala Tasso, expres\u00f3 su agradecimiento al presidente Pedro Pablo Kuczynski, por preocuparse por sus hijos y permitir que se encuentre con ellos en esta Navidad.<\/span><\/p>\n<p><span style=\"color: #000000;\">\u201cMi profundo agradecimiento a todas las personas, empezando por el Presidente y su esposa, por las muestras de solidaridad y preocupaci\u00f3n por mis hijos. Un fuerte abrazo a todas las familias peruanas en estas fiestas, de mi parte y de Nadine\u201d, indic\u00f3 en su cuenta de Twitter.<\/span><\/p>\n<p><span style=\"color: #000000;\">Precisamente, el jefe de Estado anunci\u00f3 hoy que el Ollanta Humala y su esposa Nadine Heredia podr\u00e1n pasar las fiestas navide\u00f1as con sus tres hijos en el penal.<\/span><\/p>\n<p><span style=\"color: #000000;\">El Ministerio de Justicia y Derechos Humanos precis\u00f3 que se otorgaron los permisos necesarios para que los esposos Humala &#8211; Heredia se re\u00fanan con sus hijos en fiestas navide\u00f1as y tambi\u00e9n pasen juntos el cumplea\u00f1os de su menor hijo, Samin.<\/span><\/p>\n<p><span style=\"color: #000000;\">Ollanta Humala y Nadine Heredia cumplen prisi\u00f3n preventiva de 18 meses mientras son investigados por el presunto pago de aportes de campa\u00f1a al Partido Nacionalista que habr\u00edan hechos las empresas brasile\u00f1as Odebrecht y OAS.<\/span><\/p>\n","protected":false},"excerpt":{"rendered":"<p>El expresidente Ollanta Humala expres\u00f3 su agradecimiento al presidente Pedro Kuczynski, por preocuparse por sus hijos y permitir que se encuentre con ellos en esta Navidad. Lima, 24 Diciembre 2017, (ANDINA).- El expresidente Ollanta Humala Tasso, expres\u00f3 su agradecimiento al presidente Pedro Pablo Kuczynski, por preocuparse por sus hijos y permitir que se encuentre con [&hellip;]<\/p>\n","protected":false},"author":1,"featured_media":13866,"comment_status":"open","ping_status":"open","sticky":false,"template":"","format":"standard","meta":{"rop_custom_images_group":[],"rop_custom_messages_group":[],"rop_publish_now":"initial","rop_publish_now_accounts":[],"rop_publish_now_history":[],"rop_publish_now_status":"pending","footnotes":""},"categories":[5],"tags":[291,403,74],"class_list":["post-20143","post","type-post","status-publish","format-standard","has-post-thumbnail","hentry","category-actualidad-informativa","tag-nadine-heredia","tag-ollanta-humala","tag-pedro-pablo-kuczynski"],"_links":{"self":[{"href":"https:\/\/elinformanteperu.com\/index.php\/wp-json\/wp\/v2\/posts\/20143","targetHints":{"allow":["GET"]}}],"collection":[{"href":"https:\/\/elinformanteperu.com\/index.php\/wp-json\/wp\/v2\/posts"}],"about":[{"href":"https:\/\/elinformanteperu.com\/index.php\/wp-json\/wp\/v2\/types\/post"}],"author":[{"embeddable":true,"href":"https:\/\/elinformanteperu.com\/index.php\/wp-json\/wp\/v2\/users\/1"}],"replies":[{"embeddable":true,"href":"https:\/\/elinformanteperu.com\/index.php\/wp-json\/wp\/v2\/comments?post=20143"}],"version-history":[{"count":1,"href":"https:\/\/elinformanteperu.com\/index.php\/wp-json\/wp\/v2\/posts\/20143\/revisions"}],"predecessor-version":[{"id":20144,"href":"https:\/\/elinformanteperu.com\/index.php\/wp-json\/wp\/v2\/posts\/20143\/revisions\/20144"}],"wp:featuredmedia":[{"embeddable":true,"href":"https:\/\/elinformanteperu.com\/index.php\/wp-json\/wp\/v2\/media\/13866"}],"wp:attachment":[{"href":"https:\/\/elinformanteperu.com\/index.php\/wp-json\/wp\/v2\/media?parent=20143"}],"wp:term":[{"taxonomy":"category","embeddable":true,"href":"https:\/\/elinformanteperu.com\/index.php\/wp-json\/wp\/v2\/categories?post=20143"},{"taxonomy":"post_tag","embeddable":true,"href":"https:\/\/elinformanteperu.com\/index.php\/wp-json\/wp\/v2\/tags?post=20143"}],"curies":[{"name":"wp","href":"https:\/\/api.w.org\/{rel}","templated":true}]}}