{"id":20141,"date":"2017-12-24T10:04:30","date_gmt":"2017-12-24T15:04:30","guid":{"rendered":"http:\/\/elinformanteperu.com\/?p=20141"},"modified":"2017-12-24T10:04:30","modified_gmt":"2017-12-24T15:04:30","slug":"lescano-propondra-evaluar-cambios-a-figura-de-vacancia-presidencial","status":"publish","type":"post","link":"https:\/\/elinformanteperu.com\/index.php\/2017\/12\/24\/lescano-propondra-evaluar-cambios-a-figura-de-vacancia-presidencial\/","title":{"rendered":"Lescano propondr\u00e1 evaluar cambios a figura de vacancia presidencial"},"content":{"rendered":"<p><strong><span style=\"color: #000000;\">El congresista de Acci\u00f3n Popular, Yonhy Lescano, adelant\u00f3 que plantear\u00e1 a su bancada la necesidad de hacer cambios y precisiones en la figura de la vacancia presidencial.<\/span><\/strong><\/p>\n<p><span style=\"color: #000000;\"><strong>Lima, 24 Diciembre 2017, (ANDINA).-<\/strong> El congresista de Acci\u00f3n Popular, Yonhy Lescano, adelant\u00f3 que plantear\u00e1 a su bancada la necesidad de hacer cambios y precisiones en la figura de la vacancia presidencial, a fin de promover una reforma normativa que permita evitar que este proceso sea \u201csumar\u00edsimo\u201d.<\/span><\/p>\n<p><span style=\"color: #000000;\">Tras el fallido intento de vacar a Pedro Pablo Kuczynski el \u00faltimo jueves, el legislador consider\u00f3 que esta experiencia debe llevar, por ejemplo, a ampliar los plazos para admitir y tramitar la vacancia, as\u00ed como a precisar mejor lo referido a la incapacidad moral permanente.<\/span><\/p>\n<p><span style=\"color: #000000;\">\u201cEl procedimiento hay que hacerlo un poco m\u00e1s amplio para el tr\u00e1mite de la vacancia, con mayores plazos para no tener juicios sumar\u00edsimos (breves)\u201d, declar\u00f3, tras se\u00f1alar que una vacancia debe hacerse sin desesperaci\u00f3n y sin \u201csacarle la vuelta\u201d al proceso que debe seguirse.<\/span><\/p>\n<p><span style=\"color: #000000;\">Dicha situaci\u00f3n, en opini\u00f3n de Lescano, podr\u00eda merecer la emisi\u00f3n de una norma que complemente el art\u00edculo 89-A del Reglamento del Congreso, que establece los procedimientos y requisitos de votaci\u00f3n de un pedido de vacancia presidencial.<\/span><\/p>\n<p><strong><span style=\"color: #000000;\">\u00bfQu\u00e9 dice el art\u00edculo 89-A?<\/span><\/strong><\/p>\n<p><span style=\"color: #000000;\">&#8211; La moci\u00f3n de vacancia presidencial debe ser presentada, por lo menos, por 26 congresistas (20% del n\u00famero legal).<\/span><\/p>\n<p><span style=\"color: #000000;\">-Luego de su presentaci\u00f3n, se corre traslado al Presidente de la Rep\u00fablica y, adem\u00e1s, su admisi\u00f3n es sometida a votaci\u00f3n, la misma que requiere del voto del 20% de los congresistas h\u00e1biles.<\/span><\/p>\n<p><span style=\"color: #000000;\">&#8211; Si la moci\u00f3n es admitida, debe debatirse y someterse a votaci\u00f3n entre el tercer y d\u00e9cimo d\u00eda de su admisi\u00f3n, lo que se conoce como periodo de enfriamiento. Sin embargo, se puede debatir antes del tercer d\u00eda si se supera el voto de 104 congresistas que opten por el debate inmediato.<\/span><\/p>\n<p><span style=\"color: #000000;\">-Durante el debate, el Presidente de la Rep\u00fablica contar\u00e1 con 60 minutos para su defensa, la misma que puede realizarla por \u00e9l mismo o con asistencia de un abogado.<\/span><\/p>\n<p><span style=\"color: #000000;\">&#8211; Para la aprobaci\u00f3n de la vacancia presidencial se requieren 87 votos.<\/span><\/p>\n<p><strong><span style=\"color: #000000;\">Incapacidad moral<\/span><\/strong><\/p>\n<p><span style=\"color: #000000;\">Lescano, asimismo, coincidi\u00f3 en que la menci\u00f3n que se hace a la \u201cpermanente incapacidad moral\u201d, como causal de vacancia presidencial, no es del todo precisa en la Constituci\u00f3n Pol\u00edtica del Per\u00fa, como s\u00ed sucede, en cambio, con la incapacidad f\u00edsica, cuyo concepto es m\u00e1s concreto.<\/span><\/p>\n<p><span style=\"color: #000000;\">En di\u00e1logo con la Agencia Andina, el parlamentario de Acci\u00f3n Popular consider\u00f3, en tal sentido, que esto \u00faltimo tambi\u00e9n podr\u00eda ser materia de una modificaci\u00f3n que d\u00e9 m\u00e1s luces al respecto.<\/span><\/p>\n<p><span style=\"color: #000000;\">De acuerdo con la Constituci\u00f3n, un mandatario es vacado por muerte, renuncia, permanente incapacidad moral o f\u00edsica (declarada por el Congreso), por salir del territorio nacional sin permiso del Congreso, entre otras causales.<\/span><\/p>\n<p><span style=\"color: #000000;\">\u201cSe podr\u00eda modificar, pero, obviamente, si un presidente es inmoral, se tiene que ir. Que sea ebrio habitual, que maltrate a su familia o que sea una persona que incurra reiteradamente en actos de corrupci\u00f3n. Eso se puede precisar como causales de incapacidad moral\u201d, remarc\u00f3.<\/span><\/p>\n","protected":false},"excerpt":{"rendered":"<p>El congresista de Acci\u00f3n Popular, Yonhy Lescano, adelant\u00f3 que plantear\u00e1 a su bancada la necesidad de hacer cambios y precisiones en la figura de la vacancia presidencial. Lima, 24 Diciembre 2017, (ANDINA).- El congresista de Acci\u00f3n Popular, Yonhy Lescano, adelant\u00f3 que plantear\u00e1 a su bancada la necesidad de hacer cambios y precisiones en la figura [&hellip;]<\/p>\n","protected":false},"author":1,"featured_media":14160,"comment_status":"open","ping_status":"open","sticky":false,"template":"","format":"standard","meta":{"rop_custom_images_group":[],"rop_custom_messages_group":[],"rop_publish_now":"initial","rop_publish_now_accounts":[],"rop_publish_now_history":[],"rop_publish_now_status":"pending","footnotes":""},"categories":[5],"tags":[2577,475],"class_list":["post-20141","post","type-post","status-publish","format-standard","has-post-thumbnail","hentry","category-actualidad-informativa","tag-vacancia-ppk","tag-yonhy-lescano"],"_links":{"self":[{"href":"https:\/\/elinformanteperu.com\/index.php\/wp-json\/wp\/v2\/posts\/20141","targetHints":{"allow":["GET"]}}],"collection":[{"href":"https:\/\/elinformanteperu.com\/index.php\/wp-json\/wp\/v2\/posts"}],"about":[{"href":"https:\/\/elinformanteperu.com\/index.php\/wp-json\/wp\/v2\/types\/post"}],"author":[{"embeddable":true,"href":"https:\/\/elinformanteperu.com\/index.php\/wp-json\/wp\/v2\/users\/1"}],"replies":[{"embeddable":true,"href":"https:\/\/elinformanteperu.com\/index.php\/wp-json\/wp\/v2\/comments?post=20141"}],"version-history":[{"count":1,"href":"https:\/\/elinformanteperu.com\/index.php\/wp-json\/wp\/v2\/posts\/20141\/revisions"}],"predecessor-version":[{"id":20142,"href":"https:\/\/elinformanteperu.com\/index.php\/wp-json\/wp\/v2\/posts\/20141\/revisions\/20142"}],"wp:featuredmedia":[{"embeddable":true,"href":"https:\/\/elinformanteperu.com\/index.php\/wp-json\/wp\/v2\/media\/14160"}],"wp:attachment":[{"href":"https:\/\/elinformanteperu.com\/index.php\/wp-json\/wp\/v2\/media?parent=20141"}],"wp:term":[{"taxonomy":"category","embeddable":true,"href":"https:\/\/elinformanteperu.com\/index.php\/wp-json\/wp\/v2\/categories?post=20141"},{"taxonomy":"post_tag","embeddable":true,"href":"https:\/\/elinformanteperu.com\/index.php\/wp-json\/wp\/v2\/tags?post=20141"}],"curies":[{"name":"wp","href":"https:\/\/api.w.org\/{rel}","templated":true}]}}