{"id":20128,"date":"2017-12-24T02:56:48","date_gmt":"2017-12-24T07:56:48","guid":{"rendered":"http:\/\/elinformanteperu.com\/?p=20128"},"modified":"2017-12-24T02:56:48","modified_gmt":"2017-12-24T07:56:48","slug":"expresidente-alberto-fujimori-es-trasladado-a-una-clinica-local","status":"publish","type":"post","link":"https:\/\/elinformanteperu.com\/index.php\/2017\/12\/24\/expresidente-alberto-fujimori-es-trasladado-a-una-clinica-local\/","title":{"rendered":"Expresidente Alberto Fujimori es trasladado a una cl\u00ednica local"},"content":{"rendered":"<p><strong><span style=\"color: #000000;\">El expresidente Alberto Fujimori, fue trasladado en una ambulancia a una cl\u00ednica local, ya que habr\u00eda tenido un problema de salud.<\/span><\/strong><\/p>\n<p><span style=\"color: #000000;\"><strong>Lima, 23 Diciembre 2017, (ANDINA).-<\/strong> El expresidente Alberto Fujimori, fue trasladado en una ambulancia a una cl\u00ednica local, ya que habr\u00eda tenido un problema de salud, por lo que sali\u00f3 de la Diroes, donde se encuentra recluido, para recibir atenci\u00f3n m\u00e9dica oportuna.<\/span><\/p>\n<p><span style=\"color: #000000;\">Seg\u00fan medios de comunicaci\u00f3n local, Fujimori ser\u00eda atendido en la Cl\u00ednica Centenario en el distrito de Pueblo Libre, donde ser\u00e1 evaluado por personal m\u00e9dico.<\/span><\/p>\n<p><span style=\"color: #000000;\">Su hijo menor, Kenji Fujimori, tambi\u00e9n abord\u00f3 la ambulancia del Instituto Nacional Penitenciario (INPE), que traslada al exmandatario Alberto Fujimori.<\/span><\/p>\n<p><span style=\"color: #000000;\">Alejandro Aguinaga, m\u00e9dico de cabecera de Fujimori, inform\u00f3 que el expresidente sufri\u00f3 esta ma\u00f1ana \u201cun cuadro de hipotensi\u00f3n y arritmia\u201d, por lo que era necesario evacuarlo a una cl\u00ednica para ser evaluado por cardi\u00f3logos.<\/span><\/p>\n","protected":false},"excerpt":{"rendered":"<p>El expresidente Alberto Fujimori, fue trasladado en una ambulancia a una cl\u00ednica local, ya que habr\u00eda tenido un problema de salud. Lima, 23 Diciembre 2017, (ANDINA).- El expresidente Alberto Fujimori, fue trasladado en una ambulancia a una cl\u00ednica local, ya que habr\u00eda tenido un problema de salud, por lo que sali\u00f3 de la Diroes, donde [&hellip;]<\/p>\n","protected":false},"author":1,"featured_media":12714,"comment_status":"open","ping_status":"open","sticky":false,"template":"","format":"standard","meta":{"rop_custom_images_group":[],"rop_custom_messages_group":[],"rop_publish_now":"initial","rop_publish_now_accounts":[],"rop_publish_now_history":[],"rop_publish_now_status":"pending","footnotes":""},"categories":[5],"tags":[343,1541],"class_list":["post-20128","post","type-post","status-publish","format-standard","has-post-thumbnail","hentry","category-actualidad-informativa","tag-alberto-fujimori","tag-diroes"],"_links":{"self":[{"href":"https:\/\/elinformanteperu.com\/index.php\/wp-json\/wp\/v2\/posts\/20128","targetHints":{"allow":["GET"]}}],"collection":[{"href":"https:\/\/elinformanteperu.com\/index.php\/wp-json\/wp\/v2\/posts"}],"about":[{"href":"https:\/\/elinformanteperu.com\/index.php\/wp-json\/wp\/v2\/types\/post"}],"author":[{"embeddable":true,"href":"https:\/\/elinformanteperu.com\/index.php\/wp-json\/wp\/v2\/users\/1"}],"replies":[{"embeddable":true,"href":"https:\/\/elinformanteperu.com\/index.php\/wp-json\/wp\/v2\/comments?post=20128"}],"version-history":[{"count":1,"href":"https:\/\/elinformanteperu.com\/index.php\/wp-json\/wp\/v2\/posts\/20128\/revisions"}],"predecessor-version":[{"id":20129,"href":"https:\/\/elinformanteperu.com\/index.php\/wp-json\/wp\/v2\/posts\/20128\/revisions\/20129"}],"wp:featuredmedia":[{"embeddable":true,"href":"https:\/\/elinformanteperu.com\/index.php\/wp-json\/wp\/v2\/media\/12714"}],"wp:attachment":[{"href":"https:\/\/elinformanteperu.com\/index.php\/wp-json\/wp\/v2\/media?parent=20128"}],"wp:term":[{"taxonomy":"category","embeddable":true,"href":"https:\/\/elinformanteperu.com\/index.php\/wp-json\/wp\/v2\/categories?post=20128"},{"taxonomy":"post_tag","embeddable":true,"href":"https:\/\/elinformanteperu.com\/index.php\/wp-json\/wp\/v2\/tags?post=20128"}],"curies":[{"name":"wp","href":"https:\/\/api.w.org\/{rel}","templated":true}]}}