{"id":20100,"date":"2017-12-24T00:09:22","date_gmt":"2017-12-24T05:09:22","guid":{"rendered":"http:\/\/elinformanteperu.com\/?p=20100"},"modified":"2017-12-24T00:09:22","modified_gmt":"2017-12-24T05:09:22","slug":"jovenes-de-manchay-cantaran-al-papa-francisco-en-nunciatura-apostolica","status":"publish","type":"post","link":"https:\/\/elinformanteperu.com\/index.php\/2017\/12\/24\/jovenes-de-manchay-cantaran-al-papa-francisco-en-nunciatura-apostolica\/","title":{"rendered":"J\u00f3venes de Manchay cantar\u00e1n al Papa Francisco en Nunciatura Apost\u00f3lica"},"content":{"rendered":"<p><strong><span style=\"color: #000000;\">Una comitiva de j\u00f3venes de Manchay (Pachac\u00e1mac) llegar\u00e1 en enero pr\u00f3ximo a los exteriores de la Nunciatura Apost\u00f3lica, sede del Vaticano en el Per\u00fa.<\/span><\/strong><\/p>\n<p><span style=\"color: #000000;\"><strong>Lima, 23 Diciembre 2017, (ANDINA).-<\/strong> Una comitiva de j\u00f3venes de Manchay (Pachac\u00e1mac) llegar\u00e1 en enero pr\u00f3ximo a los exteriores de la Nunciatura Apost\u00f3lica, sede del Vaticano en el Per\u00fa, para cantar y orar al Papa Francisco mientras \u00e9ste permanezca en Lima.<\/span><\/p>\n<p><span style=\"color: #000000;\">Los j\u00f3venes llegar\u00e1n el viernes 19 de enero con su patrona la Virgen del Rosario el s\u00e1bado y ser\u00e1n parte de la vigilia que esperar\u00e1 la llegada del Santo Padre al Per\u00fa, coment\u00f3 el nuncio apost\u00f3lico Nicola Girasoli.<\/span><\/p>\n<p><span style=\"color: #000000;\">Agreg\u00f3 que aunque existe un programa y protocolo establecidos, estos podr\u00edan variar debido a la espontaneidad del Santo Padre.<\/span><\/p>\n<p><span style=\"color: #000000;\">\u201cEl Papa Francisco no sigue protocolos, a veces sigue las cosas como surgen. Por Manchay, \u00e9l conoce lo que hace la Arquidi\u00f3cesis de Lima. Por eso queremos que (los j\u00f3venes) vean al Papa, pues no se dio la posibilidad que el Papa visite Manchay.\u00bb<\/span><\/p>\n<p><strong><span style=\"color: #000000;\">Ofrecimiento del cardenal<\/span><\/strong><\/p>\n<p><span style=\"color: #000000;\">El cardenal de Lima, Juan Luis Cipriani, manifest\u00f3 que har\u00e1 todos los esfuerzos para que el grupo de j\u00f3venes se ubique cerca de la Nunciatura para ver al Papa Francisco, y de ser posible, que bendiga a la Virgen del Rosario.<\/span><\/p>\n<p><span style=\"color: #000000;\">\u201cMe atrevo a ofrecerles que estar\u00e1n muy cerca del Papa. Manchay estar\u00e1 cerca, no lo duden\u201d, se\u00f1al\u00f3 Cipriani al dirigirse a los j\u00f3venes de la promoci\u00f3n \u00abPapa Francisco\u00bb que se gradu\u00f3 hace d\u00edas del Instituto Trentino Juan Pablo II de Manchay.<\/span><\/p>\n<p><span style=\"color: #000000;\">Francisco arribar\u00e1 al Per\u00fa el jueves 18 de enero y visitar\u00e1 las ciudades de Lima, Trujillo y Madre de Dios.<\/span><\/p>\n","protected":false},"excerpt":{"rendered":"<p>Una comitiva de j\u00f3venes de Manchay (Pachac\u00e1mac) llegar\u00e1 en enero pr\u00f3ximo a los exteriores de la Nunciatura Apost\u00f3lica, sede del Vaticano en el Per\u00fa. Lima, 23 Diciembre 2017, (ANDINA).- Una comitiva de j\u00f3venes de Manchay (Pachac\u00e1mac) llegar\u00e1 en enero pr\u00f3ximo a los exteriores de la Nunciatura Apost\u00f3lica, sede del Vaticano en el Per\u00fa, para cantar [&hellip;]<\/p>\n","protected":false},"author":1,"featured_media":20101,"comment_status":"open","ping_status":"open","sticky":false,"template":"","format":"standard","meta":{"rop_custom_images_group":[],"rop_custom_messages_group":[],"rop_publish_now":"initial","rop_publish_now_accounts":[],"rop_publish_now_history":[],"rop_publish_now_status":"pending","footnotes":""},"categories":[10],"tags":[1140,2201],"class_list":["post-20100","post","type-post","status-publish","format-standard","has-post-thumbnail","hentry","category-actualidad-municipal","tag-papa-francisco","tag-papa-francisco-en-peru"],"_links":{"self":[{"href":"https:\/\/elinformanteperu.com\/index.php\/wp-json\/wp\/v2\/posts\/20100","targetHints":{"allow":["GET"]}}],"collection":[{"href":"https:\/\/elinformanteperu.com\/index.php\/wp-json\/wp\/v2\/posts"}],"about":[{"href":"https:\/\/elinformanteperu.com\/index.php\/wp-json\/wp\/v2\/types\/post"}],"author":[{"embeddable":true,"href":"https:\/\/elinformanteperu.com\/index.php\/wp-json\/wp\/v2\/users\/1"}],"replies":[{"embeddable":true,"href":"https:\/\/elinformanteperu.com\/index.php\/wp-json\/wp\/v2\/comments?post=20100"}],"version-history":[{"count":1,"href":"https:\/\/elinformanteperu.com\/index.php\/wp-json\/wp\/v2\/posts\/20100\/revisions"}],"predecessor-version":[{"id":20102,"href":"https:\/\/elinformanteperu.com\/index.php\/wp-json\/wp\/v2\/posts\/20100\/revisions\/20102"}],"wp:featuredmedia":[{"embeddable":true,"href":"https:\/\/elinformanteperu.com\/index.php\/wp-json\/wp\/v2\/media\/20101"}],"wp:attachment":[{"href":"https:\/\/elinformanteperu.com\/index.php\/wp-json\/wp\/v2\/media?parent=20100"}],"wp:term":[{"taxonomy":"category","embeddable":true,"href":"https:\/\/elinformanteperu.com\/index.php\/wp-json\/wp\/v2\/categories?post=20100"},{"taxonomy":"post_tag","embeddable":true,"href":"https:\/\/elinformanteperu.com\/index.php\/wp-json\/wp\/v2\/tags?post=20100"}],"curies":[{"name":"wp","href":"https:\/\/api.w.org\/{rel}","templated":true}]}}