{"id":20090,"date":"2017-12-23T01:06:45","date_gmt":"2017-12-23T06:06:45","guid":{"rendered":"http:\/\/elinformanteperu.com\/?p=20090"},"modified":"2017-12-23T01:06:45","modified_gmt":"2017-12-23T06:06:45","slug":"metro-de-lima-tren-n-26-se-incorpora-desde-hoy-al-servicio-de-la-linea-1","status":"publish","type":"post","link":"https:\/\/elinformanteperu.com\/index.php\/2017\/12\/23\/metro-de-lima-tren-n-26-se-incorpora-desde-hoy-al-servicio-de-la-linea-1\/","title":{"rendered":"Metro de Lima: tren N\u00b0 26 se incorpora desde hoy al servicio de la L\u00ednea 1"},"content":{"rendered":"<p><strong><span style=\"color: #000000;\">La L\u00ednea 1 del Metro de Lima anunci\u00f3 la incorporaci\u00f3n al servicio del tren n\u00famero 26, el segundo de los 20 nuevos trenes que se incorporan al sistema.<\/span><\/strong><\/p>\n<p><span style=\"color: #000000;\"><strong>Lima, 22 Diciembre 2017, (ANDINA).-<\/strong> La L\u00ednea 1 del Metro de Lima anunci\u00f3 la incorporaci\u00f3n al servicio del tren n\u00famero 26, el segundo de los 20 nuevos trenes que se incorporan al sistema y que permitir\u00e1n transportar a 500 mil pasajeros diarios desde el 2019, inform\u00f3 la empresa concesionaria de este servicio.<\/span><\/p>\n<p><span style=\"color: #000000;\">Explic\u00f3 que, al igual que los 18 restantes, este segundo tren ha sido dise\u00f1ado y construido en la f\u00e1brica de Alstom en Barcelona y luego realizar\u00e1 las pruebas respectivas, autorizaciones y puesto en funcionamiento al p\u00fablico, cumpliendo los plazos establecidos.<\/span><\/p>\n<p><span style=\"color: #000000;\">\u201cCon la incorporaci\u00f3n del tren 26 sumamos ya dos nuevos trenes que ponemos al servicio de los clientes de L\u00ednea 1, que ayudar\u00e1 a atender la alta demanda que por estas fechas de fin de a\u00f1o atiende el sistema\u201d, afirm\u00f3 la jefa de Relaciones Institucionales de la empresa, Olinda Merzthal.<\/span><\/p>\n<p><span style=\"color: #000000;\">Adelant\u00f3 que otros dos nuevos trenes estar\u00e1n llegando los primeros d\u00edas de enero con lo cual las unidades de la L\u00ednea 1 del Metro de Lima llegar\u00e1n a los 5 minutos por tiempos de espera.<\/span><\/p>\n<p><span style=\"color: #000000;\">El sistema se est\u00e1 preparando para recibir progresivamente en el 2018, 18 trenes m\u00e1s de 5 coches y 39 coches adicionales que ser\u00e1n acoplados a los trenes existentes y nuevos, para que cada tren en un futuro cuente con 6 coches, de esta manera se incrementar\u00e1 la capacidad de transporte de pasajeros.<\/span><\/p>\n<p><span style=\"color: #000000;\">Entre las principales caracter\u00edsticas de los nuevos trenes resaltan sus amplias puertas de acceso, piso bajo, asientos extra anchos y pasillos de comunicaci\u00f3n entre los diferentes coches.<\/span><\/p>\n<p><span style=\"color: #000000;\">Adem\u00e1s de aire acondicionado, cuenta con sistemas de informaci\u00f3n al pasajero, asientos y rampas de acceso espec\u00edficas para pasajeros con movilidad reducida.<\/span><\/p>\n<p><span style=\"color: #000000;\">Para mejorar la accesibilidad de los clientes ante la demanda que se originar\u00e1 con la instalaci\u00f3n de los nuevos trenes, se est\u00e1n ampliando las estaciones de mayor afluencia de pasajeros de la L\u00ednea 1 del Metro de Lima.<\/span><\/p>\n","protected":false},"excerpt":{"rendered":"<p>La L\u00ednea 1 del Metro de Lima anunci\u00f3 la incorporaci\u00f3n al servicio del tren n\u00famero 26, el segundo de los 20 nuevos trenes que se incorporan al sistema. Lima, 22 Diciembre 2017, (ANDINA).- La L\u00ednea 1 del Metro de Lima anunci\u00f3 la incorporaci\u00f3n al servicio del tren n\u00famero 26, el segundo de los 20 nuevos [&hellip;]<\/p>\n","protected":false},"author":1,"featured_media":20091,"comment_status":"open","ping_status":"open","sticky":false,"template":"","format":"standard","meta":{"rop_custom_images_group":[],"rop_custom_messages_group":[],"rop_publish_now":"initial","rop_publish_now_accounts":[],"rop_publish_now_history":[],"rop_publish_now_status":"pending","footnotes":""},"categories":[10],"tags":[2587,318,317],"class_list":["post-20090","post","type-post","status-publish","format-standard","has-post-thumbnail","hentry","category-actualidad-municipal","tag-metro-de-lima","tag-ministerio-de-transportes-y-comunicaciones","tag-mtc"],"_links":{"self":[{"href":"https:\/\/elinformanteperu.com\/index.php\/wp-json\/wp\/v2\/posts\/20090","targetHints":{"allow":["GET"]}}],"collection":[{"href":"https:\/\/elinformanteperu.com\/index.php\/wp-json\/wp\/v2\/posts"}],"about":[{"href":"https:\/\/elinformanteperu.com\/index.php\/wp-json\/wp\/v2\/types\/post"}],"author":[{"embeddable":true,"href":"https:\/\/elinformanteperu.com\/index.php\/wp-json\/wp\/v2\/users\/1"}],"replies":[{"embeddable":true,"href":"https:\/\/elinformanteperu.com\/index.php\/wp-json\/wp\/v2\/comments?post=20090"}],"version-history":[{"count":1,"href":"https:\/\/elinformanteperu.com\/index.php\/wp-json\/wp\/v2\/posts\/20090\/revisions"}],"predecessor-version":[{"id":20092,"href":"https:\/\/elinformanteperu.com\/index.php\/wp-json\/wp\/v2\/posts\/20090\/revisions\/20092"}],"wp:featuredmedia":[{"embeddable":true,"href":"https:\/\/elinformanteperu.com\/index.php\/wp-json\/wp\/v2\/media\/20091"}],"wp:attachment":[{"href":"https:\/\/elinformanteperu.com\/index.php\/wp-json\/wp\/v2\/media?parent=20090"}],"wp:term":[{"taxonomy":"category","embeddable":true,"href":"https:\/\/elinformanteperu.com\/index.php\/wp-json\/wp\/v2\/categories?post=20090"},{"taxonomy":"post_tag","embeddable":true,"href":"https:\/\/elinformanteperu.com\/index.php\/wp-json\/wp\/v2\/tags?post=20090"}],"curies":[{"name":"wp","href":"https:\/\/api.w.org\/{rel}","templated":true}]}}