{"id":20035,"date":"2017-12-22T01:25:34","date_gmt":"2017-12-22T06:25:34","guid":{"rendered":"http:\/\/elinformanteperu.com\/?p=20035"},"modified":"2017-12-22T01:25:34","modified_gmt":"2017-12-22T06:25:34","slug":"fuerza-popular-ratifica-que-votara-a-favor-de-la-vacancia-de-kuczynski","status":"publish","type":"post","link":"https:\/\/elinformanteperu.com\/index.php\/2017\/12\/22\/fuerza-popular-ratifica-que-votara-a-favor-de-la-vacancia-de-kuczynski\/","title":{"rendered":"Fuerza Popular ratifica que votar\u00e1 a favor de la vacancia de Kuczynski"},"content":{"rendered":"<p><strong><span style=\"color: #000000;\">La bancada parlamentaria de Fuerza Popular ratific\u00f3 que votar\u00e1 a favor de la vacancia del presidente de la Rep\u00fablica, Pedro Pablo Kuczynski.<\/span><\/strong><\/p>\n<p><span style=\"color: #000000;\"><strong>Lima, 21 Diciembre 2017, (ANDINA).-<\/strong> La bancada parlamentaria de Fuerza Popular ratific\u00f3 que votar\u00e1 a favor de la vacancia del presidente de la Rep\u00fablica, Pedro Pablo Kuczynski, al considerar que est\u00e1 moralmente incapacitado para permanecer en el cargo.<\/span><\/p>\n<p><span style=\"color: #000000;\">Esa posici\u00f3n fue fijada por el legislador fujimorista Miguel Torres, quien hizo uso de la palabra ante el Pleno del Congreso en representaci\u00f3n de su bancada, al iniciarse el debate.<\/span><\/p>\n<p><span style=\"color: #000000;\">\u201cEs nuestro deber constitucional decidir sin dudas y temores apartar a Pedro Pablo Kuczynski del cargo de Presidente de la Rep\u00fablica porque estamos convencidos de que incurri\u00f3 en la causal de incapacidad moral permanente\u201d, manifest\u00f3 en su intervenci\u00f3n.<\/span><\/p>\n<p><span style=\"color: #000000;\">Seg\u00fan Torres, la incapacidad moral de Kuczynski se comprob\u00f3 al mentir reiteradamente sobre sus v\u00ednculos con la empresa Odebrecht.<\/span><\/p>\n<p><span style=\"color: #000000;\">\u201cMentir y ocultar informaci\u00f3n sobre los v\u00ednculos por conveniencia es un acto inmoral\u201d, dijo.<\/span><\/p>\n<p><span style=\"color: #000000;\">El parlamentario neg\u00f3 que su bancada est\u00e9 promoviendo un golpe de Estado y dijo que los argumentos presentados por Kuczynski en su defensa no han sido suficientes para levantar los cargos en su contra.<\/span><\/p>\n<p><span style=\"color: #000000;\">Para aprobarse, la vacancia requiere de 87 votos.<\/span><\/p>\n<p><span style=\"color: #000000;\">El debate reci\u00e9n empieza y se espera que la votaci\u00f3n se realice en horas de la noche.<\/span><\/p>\n","protected":false},"excerpt":{"rendered":"<p>La bancada parlamentaria de Fuerza Popular ratific\u00f3 que votar\u00e1 a favor de la vacancia del presidente de la Rep\u00fablica, Pedro Pablo Kuczynski. Lima, 21 Diciembre 2017, (ANDINA).- La bancada parlamentaria de Fuerza Popular ratific\u00f3 que votar\u00e1 a favor de la vacancia del presidente de la Rep\u00fablica, Pedro Pablo Kuczynski, al considerar que est\u00e1 moralmente incapacitado [&hellip;]<\/p>\n","protected":false},"author":1,"featured_media":20036,"comment_status":"open","ping_status":"open","sticky":false,"template":"","format":"standard","meta":{"rop_custom_images_group":[],"rop_custom_messages_group":[],"rop_publish_now":"initial","rop_publish_now_accounts":[],"rop_publish_now_history":[],"rop_publish_now_status":"pending","footnotes":""},"categories":[5],"tags":[192,73,2577],"class_list":["post-20035","post","type-post","status-publish","format-standard","has-post-thumbnail","hentry","category-actualidad-informativa","tag-congreso","tag-ppk","tag-vacancia-ppk"],"_links":{"self":[{"href":"https:\/\/elinformanteperu.com\/index.php\/wp-json\/wp\/v2\/posts\/20035","targetHints":{"allow":["GET"]}}],"collection":[{"href":"https:\/\/elinformanteperu.com\/index.php\/wp-json\/wp\/v2\/posts"}],"about":[{"href":"https:\/\/elinformanteperu.com\/index.php\/wp-json\/wp\/v2\/types\/post"}],"author":[{"embeddable":true,"href":"https:\/\/elinformanteperu.com\/index.php\/wp-json\/wp\/v2\/users\/1"}],"replies":[{"embeddable":true,"href":"https:\/\/elinformanteperu.com\/index.php\/wp-json\/wp\/v2\/comments?post=20035"}],"version-history":[{"count":1,"href":"https:\/\/elinformanteperu.com\/index.php\/wp-json\/wp\/v2\/posts\/20035\/revisions"}],"predecessor-version":[{"id":20037,"href":"https:\/\/elinformanteperu.com\/index.php\/wp-json\/wp\/v2\/posts\/20035\/revisions\/20037"}],"wp:featuredmedia":[{"embeddable":true,"href":"https:\/\/elinformanteperu.com\/index.php\/wp-json\/wp\/v2\/media\/20036"}],"wp:attachment":[{"href":"https:\/\/elinformanteperu.com\/index.php\/wp-json\/wp\/v2\/media?parent=20035"}],"wp:term":[{"taxonomy":"category","embeddable":true,"href":"https:\/\/elinformanteperu.com\/index.php\/wp-json\/wp\/v2\/categories?post=20035"},{"taxonomy":"post_tag","embeddable":true,"href":"https:\/\/elinformanteperu.com\/index.php\/wp-json\/wp\/v2\/tags?post=20035"}],"curies":[{"name":"wp","href":"https:\/\/api.w.org\/{rel}","templated":true}]}}