{"id":19977,"date":"2017-12-21T08:28:16","date_gmt":"2017-12-21T13:28:16","guid":{"rendered":"http:\/\/elinformanteperu.com\/?p=19977"},"modified":"2017-12-21T08:28:16","modified_gmt":"2017-12-21T13:28:16","slug":"edison-flores-a-paolo-guerrero-te-veremos-en-rusia-capitan","status":"publish","type":"post","link":"https:\/\/elinformanteperu.com\/index.php\/2017\/12\/21\/edison-flores-a-paolo-guerrero-te-veremos-en-rusia-capitan\/","title":{"rendered":"Edison Flores a Paolo Guerrero: \u00abTe veremos en Rusia, capit\u00e1n\u00bb"},"content":{"rendered":"<p><strong><span style=\"color: #000000;\">El volante peruano Edison Flores expres\u00f3 su alegr\u00eda por la decisi\u00f3n del Comit\u00e9 de Apelaciones de la FIFA de reducir a seis meses la sanci\u00f3n impuesta al capit\u00e1n de la selecci\u00f3n Paolo Guerrero.<\/span><\/strong><\/p>\n<p><span style=\"color: #000000;\"><strong>Lima, 20 Diciembre 2017, (ANDINA).-<\/strong> El volante peruano Edison Flores expres\u00f3 su alegr\u00eda por la decisi\u00f3n del Comit\u00e9 de Apelaciones de la FIFA de reducir a seis meses la sanci\u00f3n impuesta al delantero y capit\u00e1n de la selecci\u00f3n nacional Paolo Guerrero.<\/span><\/p>\n<p><span style=\"color: #000000;\">\u00abTe veremos en Rusia capit\u00e1n\u00bb, escribi\u00f3 Edison Flores en su cuenta de Twitter.<\/span><\/p>\n<p><span style=\"color: #000000;\">Por su parte, el seleccionado Christian Ramos se sum\u00f3 a la celebraci\u00f3n con este mensaje: \u00abTiemblen que volvimos con PG9\u00bb<\/span><\/p>\n<p><span style=\"color: #000000;\">En tanto, el delantero Ra\u00fal Ruid\u00edaz tambi\u00e9n comparti\u00f3 su felicidad en Instagram. \u00abLa fe estuvo intacta\u00bb, dijo.<\/span><\/p>\n<p><span style=\"color: #000000;\">Paolo Guerrero jugar\u00e1 el Mundial de Rusia 2018 luego que el Comisi\u00f3n de Apelaciones de la FIFA decidi\u00f3 reducir la sanci\u00f3n de un a\u00f1o a seis meses.<\/span><\/p>\n<p><img fetchpriority=\"high\" decoding=\"async\" class=\"aligncenter size-full wp-image-19978\" src=\"http:\/\/elinformanteperu.com\/wp-content\/uploads\/2017\/12\/twett-edison-paolo.jpg\" alt=\"\" width=\"545\" height=\"441\" srcset=\"https:\/\/elinformanteperu.com\/wp-content\/uploads\/2017\/12\/twett-edison-paolo.jpg 545w, https:\/\/elinformanteperu.com\/wp-content\/uploads\/2017\/12\/twett-edison-paolo-300x243.jpg 300w, https:\/\/elinformanteperu.com\/wp-content\/uploads\/2017\/12\/twett-edison-paolo-128x104.jpg 128w, https:\/\/elinformanteperu.com\/wp-content\/uploads\/2017\/12\/twett-edison-paolo-32x26.jpg 32w\" sizes=\"(max-width: 545px) 100vw, 545px\" \/><\/p>\n","protected":false},"excerpt":{"rendered":"<p>El volante peruano Edison Flores expres\u00f3 su alegr\u00eda por la decisi\u00f3n del Comit\u00e9 de Apelaciones de la FIFA de reducir a seis meses la sanci\u00f3n impuesta al capit\u00e1n de la selecci\u00f3n Paolo Guerrero. Lima, 20 Diciembre 2017, (ANDINA).- El volante peruano Edison Flores expres\u00f3 su alegr\u00eda por la decisi\u00f3n del Comit\u00e9 de Apelaciones de la [&hellip;]<\/p>\n","protected":false},"author":1,"featured_media":16813,"comment_status":"open","ping_status":"open","sticky":false,"template":"","format":"standard","meta":{"rop_custom_images_group":[],"rop_custom_messages_group":[],"rop_publish_now":"initial","rop_publish_now_accounts":[],"rop_publish_now_history":[],"rop_publish_now_status":"pending","footnotes":""},"categories":[8],"tags":[82,268,203,137],"class_list":["post-19977","post","type-post","status-publish","format-standard","has-post-thumbnail","hentry","category-disciplinas-deportivas","tag-edison-flores","tag-fifa","tag-paolo-guerrero","tag-seleccion-peruana"],"_links":{"self":[{"href":"https:\/\/elinformanteperu.com\/index.php\/wp-json\/wp\/v2\/posts\/19977","targetHints":{"allow":["GET"]}}],"collection":[{"href":"https:\/\/elinformanteperu.com\/index.php\/wp-json\/wp\/v2\/posts"}],"about":[{"href":"https:\/\/elinformanteperu.com\/index.php\/wp-json\/wp\/v2\/types\/post"}],"author":[{"embeddable":true,"href":"https:\/\/elinformanteperu.com\/index.php\/wp-json\/wp\/v2\/users\/1"}],"replies":[{"embeddable":true,"href":"https:\/\/elinformanteperu.com\/index.php\/wp-json\/wp\/v2\/comments?post=19977"}],"version-history":[{"count":1,"href":"https:\/\/elinformanteperu.com\/index.php\/wp-json\/wp\/v2\/posts\/19977\/revisions"}],"predecessor-version":[{"id":19979,"href":"https:\/\/elinformanteperu.com\/index.php\/wp-json\/wp\/v2\/posts\/19977\/revisions\/19979"}],"wp:featuredmedia":[{"embeddable":true,"href":"https:\/\/elinformanteperu.com\/index.php\/wp-json\/wp\/v2\/media\/16813"}],"wp:attachment":[{"href":"https:\/\/elinformanteperu.com\/index.php\/wp-json\/wp\/v2\/media?parent=19977"}],"wp:term":[{"taxonomy":"category","embeddable":true,"href":"https:\/\/elinformanteperu.com\/index.php\/wp-json\/wp\/v2\/categories?post=19977"},{"taxonomy":"post_tag","embeddable":true,"href":"https:\/\/elinformanteperu.com\/index.php\/wp-json\/wp\/v2\/tags?post=19977"}],"curies":[{"name":"wp","href":"https:\/\/api.w.org\/{rel}","templated":true}]}}